{"id":115841,"date":"2025-05-21T03:04:09","date_gmt":"2025-05-21T03:04:09","guid":{"rendered":"https:\/\/www.europesays.com\/fr\/115841\/"},"modified":"2025-05-21T03:04:09","modified_gmt":"2025-05-21T03:04:09","slug":"la-wwe-prete-a-lancer-nxt-europe-en-2025","status":"publish","type":"post","link":"https:\/\/www.europesays.com\/fr\/115841\/","title":{"rendered":"La WWE pr\u00eate \u00e0 lancer NXT Europe en 2025 ?"},"content":{"rendered":"<p style=\"text-align: justify;\">\u00a0<\/p>\n<p style=\"text-align: justify;\">Nous avons enfin des nouvelles positives concernant NXT Europe, ce projet de la WWE initialement annonc\u00e9 pour 2023. R\u00e9cemment, Trile H nous rassurait en d\u00e9clarant que NXT Europe \u00e9tait toujours pr\u00e9vu par la f\u00e9d\u00e9ration&#8230; et c&rsquo;est peut-\u00eatre m\u00eame pour cette ann\u00e9e !<\/p>\n<p style=\"text-align: justify;\">D&rsquo;apr\u00e8s PWInsider, <strong>la WWE pourrait lancer NXT Europe au cours de la seconde partie de l&rsquo;ann\u00e9e 2025<\/strong>. Actuellement, la WWE embauche plusieurs talents europ\u00e9ens, tels que <a href=\"https:\/\/www.catch-newz.com\/wwe\/newz\/47874-des-catcheurs-francais-et-belge-sur-le-point-de-signer-a-la-wwe\" target=\"_blank\" rel=\"noopener\">le Fran\u00e7ais Aigle Blanc, le Belge Mike D Vecchio<\/a> ou encore l&rsquo;Espagnol Zozaya.<\/p>\n<p style=\"text-align: justify;\">Pour le moment, la WWE n&rsquo;a pas confirm\u00e9 la date de lancement de NXT Europe.<\/p>\n<p>\u00a0<\/p>\n<p style=\"text-align: right;\">Cr\u00e9dit photo : WWE<\/p>\n","protected":false},"excerpt":{"rendered":"\u00a0 Nous avons enfin des nouvelles positives concernant NXT Europe, ce projet de la WWE initialement annonc\u00e9 pour&hellip;\n","protected":false},"author":2,"featured_media":115842,"comment_status":"","ping_status":"","sticky":false,"template":"","format":"standard","meta":{"footnotes":""},"categories":[1586],"tags":[47,11,1777,674,1011,27,12,2043,2054,2055,2052,25,2057,2058,2053,2059,2056,2051],"class_list":{"0":"post-115841","1":"post","2":"type-post","3":"status-publish","4":"format-standard","5":"has-post-thumbnail","7":"category-europe","8":"tag-actualite","9":"tag-actualites","10":"tag-eu","11":"tag-europe","12":"tag-fr","13":"tag-france","14":"tag-news","15":"tag-nouvelle","16":"tag-nxt","17":"tag-ppv","18":"tag-raw","19":"tag-republique-francaise","20":"tag-royal","21":"tag-rumble","22":"tag-smackdown","23":"tag-summerslam","24":"tag-wrestlemania","25":"tag-wwe"},"share_on_mastodon":{"url":"https:\/\/pubeurope.com\/@fr\/114543608971986211","error":""},"_links":{"self":[{"href":"https:\/\/www.europesays.com\/fr\/wp-json\/wp\/v2\/posts\/115841","targetHints":{"allow":["GET"]}}],"collection":[{"href":"https:\/\/www.europesays.com\/fr\/wp-json\/wp\/v2\/posts"}],"about":[{"href":"https:\/\/www.europesays.com\/fr\/wp-json\/wp\/v2\/types\/post"}],"author":[{"embeddable":true,"href":"https:\/\/www.europesays.com\/fr\/wp-json\/wp\/v2\/users\/2"}],"replies":[{"embeddable":true,"href":"https:\/\/www.europesays.com\/fr\/wp-json\/wp\/v2\/comments?post=115841"}],"version-history":[{"count":0,"href":"https:\/\/www.europesays.com\/fr\/wp-json\/wp\/v2\/posts\/115841\/revisions"}],"wp:featuredmedia":[{"embeddable":true,"href":"https:\/\/www.europesays.com\/fr\/wp-json\/wp\/v2\/media\/115842"}],"wp:attachment":[{"href":"https:\/\/www.europesays.com\/fr\/wp-json\/wp\/v2\/media?parent=115841"}],"wp:term":[{"taxonomy":"category","embeddable":true,"href":"https:\/\/www.europesays.com\/fr\/wp-json\/wp\/v2\/categories?post=115841"},{"taxonomy":"post_tag","embeddable":true,"href":"https:\/\/www.europesays.com\/fr\/wp-json\/wp\/v2\/tags?post=115841"}],"curies":[{"name":"wp","href":"https:\/\/api.w.org\/{rel}","templated":true}]}}