{"id":1158410,"date":"2026-08-31T02:50:44","date_gmt":"2026-08-31T02:50:44","guid":{"rendered":"https:\/\/www.europesays.com\/fr\/1158410\/"},"modified":"2026-08-31T02:50:44","modified_gmt":"2026-08-31T02:50:44","slug":"nous-sommes-peut-etre-le-jour-dapres-einstein-le-telescope-spatial-nancy-grace-roman-va-tenter-de-percer-le-mystere-de-lenergie-sombre","status":"publish","type":"post","link":"https:\/\/www.europesays.com\/fr\/1158410\/","title":{"rendered":"\u00ab\u00a0Nous sommes peut-\u00eatre le jour d\u2019apr\u00e8s Einstein\u00a0\u00bb : le t\u00e9lescope spatial Nancy Grace Roman va tenter de percer le myst\u00e8re de l\u2019\u00e9nergie sombre"},"content":{"rendered":"<p class=\"c-chapo \">\n  Lanc\u00e9 dimanche pour une mission d&rsquo;environ 5 ans, l&rsquo;engin va tenter de cartographier le cosmos et de r\u00e9pondre \u00e0 l&rsquo;un des plus grand myst\u00e8res de notre monde : comprendre ce qu&rsquo;est l&rsquo;\u00e9nergie sombre, au c\u0153ur de l&rsquo;expansion de l&rsquo;Univers.\n<\/p>\n<p>    Publi\u00e9 le 30\/08\/2026 08:07<\/p>\n<p>        Temps de lecture : 2min<\/p>\n<p>    <img decoding=\"async\"  alt=\"Une illustration du t\u00e9lescope Nancy Grace Roman r\u00e9alis\u00e9e par la Nasa en 2020. (HANDOUT \/ NASA)\" width=\"432\" height=\"243\" src=\"https:\/\/www.europesays.com\/fr\/wp-content\/uploads\/2026\/08\/6a92ecc4d8166731749321.jpg\" fetchpriority=\"high\"\/><\/p>\n<p>      Une illustration du t\u00e9lescope Nancy Grace Roman r\u00e9alis\u00e9e par la Nasa en 2020. (HANDOUT \/ NASA)<\/p>\n<p>C\u2019est un observatoire qui va s\u2019installer \u00e0 1,5 million de kilom\u00e8tres de la Terre. Le <a href=\"https:\/\/science.nasa.gov\/mission\/roman-space-telescope\/\" target=\"_blank\" rel=\"noopener nofollow\" data-tooltip-url=\"https:\/\/science.nasa.gov\/mission\/roman-space-telescope\/\">t\u00e9lescope spatial Nancy Grace Roman<\/a> a d\u00e9coll\u00e9 dimanche 30 ao\u00fbt, \u00e0 13h26, heure de Paris, \u00e0 bord d\u2019une fus\u00e9e Space X depuis les \u00c9tats-Unis. Ce gros t\u00e9lescope, qui porte le nom d\u2019une grande scientifique am\u00e9ricaine, observera pendant plusieurs ann\u00e9es le cosmos, pour tenter de r\u00e9pondre au plus grand myst\u00e8re de l\u2019Univers, celui de l\u2019\u00e9nergie sombre.<\/p>\n<p>Cette question agite en effet depuis pr\u00e8s de 30 ans toute la communaut\u00e9 scientifique qui \u00e9tudie l\u2019histoire de notre Univers : pourquoi acc\u00e9l\u00e8re-t-il\u00a0? \u00ab\u00a0Depuis environ 6 milliards d&rsquo;ann\u00e9es, on assiste quasiment \u00e0 un nouveau Big Bang\u00a0\u00bb, affirme l\u2019astrophysicien David Elbaz, directeur de recherche au CEA (Commissariat \u00e0 l&rsquo;\u00e9nergie atomique et aux \u00e9nergies alternatives).<\/p>\n<p>Il y a 14 milliards d\u2019ann\u00e9es environ, l\u2019univers na\u00eet du Big Bang, grandit d\u2019abord tr\u00e8s rapidement, puis cette expansion ralentit sous l\u2019effet de la gravit\u00e9 qui est \u00ab\u00a0la seule action \u00e0 distance et la seule action qui s&rsquo;oppose au Big Bang. De la m\u00eame mani\u00e8re que quand je tire dans un ballon, il finit par retomber et d\u00e9c\u00e9l\u00e9rer, l&rsquo;expansion de l&rsquo;Univers a commenc\u00e9 \u00e0 ralentir\u00a0\u00bb, explique l&rsquo;astrophysicien.<\/p>\n<p>En 1998, des chercheurs entendent justement mesurer ce ralentissement, cette d\u00e9c\u00e9l\u00e9ration. \u00c0 la place, ces derniers d\u00e9couvrent l&rsquo;inverse : \u00ab\u00a0Il y a 6 milliards d&rsquo;ann\u00e9es, c&rsquo;est comme si on avait \u00e0 nouveau tir\u00e9 dans un ballon et qu&rsquo;au moment o\u00f9 il redescend, il repart et donc l\u00e0, on est oblig\u00e9 d&rsquo;invoquer un petit moteur, une autre source d&rsquo;\u00e9nergie. C&rsquo;est comme si l&rsquo;Univers \u00e9tait sensible \u00e0 une antigravit\u00e9.\u00a0\u00bb<\/p>\n<p>Cette \u00e9nergie noire ou \u00e9nergie sombre est appel\u00e9e ainsi parce qu\u2019elle est invisible, seuls ses effets sont visibles. Afin de mieux comprendre ce qu&rsquo;elle est, des appareils comme le t\u00e9lescope Nancy Grace Roman ont \u00e9t\u00e9 d\u00e9velopp\u00e9s. Le Nancy Grace Roman va aller <a href=\"https:\/\/www.franceinfo.fr\/sciences\/espace\/en-images-le-c-ur-de-la-voie-lactee-photographie-comme-jamais-grace-au-telescope-euclid_8077517.html\" target=\"_self\" rel=\"noopener noreferrer nofollow\" data-tooltip-url=\"https:\/\/www.franceinfo.fr\/sciences\/espace\/en-images-le-c-ur-de-la-voie-lactee-photographie-comme-jamais-grace-au-telescope-euclid_8077517.html\">observer une large partie du cosmos<\/a> pendant plusieurs ann\u00e9es pour enregistrer les traces laiss\u00e9es par cette \u00e9nergie.<\/p>\n<blockquote class=\"ftvi_content_quote\">\n<p class=\"ftvi_citation_quote\">\u00ab\u00a0Imaginez l&rsquo;homme invisible qui marche sur une plage de sable fin, vous ne le voyez pas, mais vous voyez les traces de sable, vous voyez les empreintes. Maintenant, ce que vous voulez savoir, c&rsquo;est s&rsquo;il marche ou si il court, vous allez regarder la forme de ses empreintes.\u00a0\u00bb<\/p>\n<p> David Elbaz, astrophysicien et directeur de recherche au CEA (Commissariat \u00e0 l&rsquo;\u00e9nergie atomique et aux \u00e9nergies alternatives).<\/p>\n<p class=\"ftvi_citation_source\">\u00e0 franceinfo <\/p>\n<\/blockquote>\n<p>Selon le directeur de recherche, \u00ab\u00a0l&rsquo;\u00e9nergie noire, c&rsquo;est ce qui vient de la compr\u00e9hension de la vitesse \u00e0 laquelle l&rsquo;Univers change, en quelque sorte l&rsquo;architecture cosmique. C&rsquo;est l&rsquo;architecture des seules sources de lumi\u00e8re que l&rsquo;on voit dans l&rsquo;Univers, les galaxies.\u00a0\u00bb Gr\u00e2ce \u00e0 son \u0153il tr\u00e8s puissant dot\u00e9 d\u2019un large champ de vision, au moins 100 fois sup\u00e9rieur par exemple \u00e0 celui du t\u00e9lescope Hubble lanc\u00e9 il y a trente ans, le Nancy Grace Roman pourra \u00e9tablir une carte en 3D incluant des millions de galaxies et peut-\u00eatre m\u00eame r\u00e9soudre le myst\u00e8re de la nature de l\u2019\u00e9nergie sombre. Quitte \u00e0 remettre, \u00e9ventuellement, en cause les th\u00e9ories comme celle d\u2019Einstein qui fondent notre compr\u00e9hension de l\u2019Univers.<\/p>\n<p>L&rsquo;astrophysicien est m\u00eame pr\u00eat \u00e0 faire le pari que \u00ab\u00a0nous sommes peut-\u00eatre le jour d&rsquo;apr\u00e8s Einstein, c&rsquo;est-\u00e0-dire que peut-\u00eatre, nous sommes arriv\u00e9s au moment o\u00f9 il va falloir penser autrement et qu&rsquo;il y a des \u00e9l\u00e9ments qui sugg\u00e8rent \u00e7a.\u00a0\u00bb La mission du Nancy Grace Roman est pr\u00e9vue pour durer au moins 5 ans.<\/p>\n","protected":false},"excerpt":{"rendered":"Lanc\u00e9 dimanche pour une mission d&rsquo;environ 5 ans, l&rsquo;engin va tenter de cartographier le cosmos et de r\u00e9pondre&hellip;\n","protected":false},"author":2,"featured_media":1158411,"comment_status":"","ping_status":"","sticky":false,"template":"","format":"standard","meta":{"footnotes":"","_share_on_mastodon":"0"},"categories":[9635],"tags":[1111,11,1777,674,1011,27,775,1702,12,25],"class_list":["post-1158410","post","type-post","status-publish","format-standard","has-post-thumbnail","category-nancy","tag-actu","tag-actualites","tag-eu","tag-europe","tag-fr","tag-france","tag-grand-est","tag-nancy","tag-news","tag-republique-francaise"],"share_on_mastodon":{"url":"","error":""},"_links":{"self":[{"href":"https:\/\/www.europesays.com\/fr\/wp-json\/wp\/v2\/posts\/1158410","targetHints":{"allow":["GET"]}}],"collection":[{"href":"https:\/\/www.europesays.com\/fr\/wp-json\/wp\/v2\/posts"}],"about":[{"href":"https:\/\/www.europesays.com\/fr\/wp-json\/wp\/v2\/types\/post"}],"author":[{"embeddable":true,"href":"https:\/\/www.europesays.com\/fr\/wp-json\/wp\/v2\/users\/2"}],"replies":[{"embeddable":true,"href":"https:\/\/www.europesays.com\/fr\/wp-json\/wp\/v2\/comments?post=1158410"}],"version-history":[{"count":0,"href":"https:\/\/www.europesays.com\/fr\/wp-json\/wp\/v2\/posts\/1158410\/revisions"}],"wp:featuredmedia":[{"embeddable":true,"href":"https:\/\/www.europesays.com\/fr\/wp-json\/wp\/v2\/media\/1158411"}],"wp:attachment":[{"href":"https:\/\/www.europesays.com\/fr\/wp-json\/wp\/v2\/media?parent=1158410"}],"wp:term":[{"taxonomy":"category","embeddable":true,"href":"https:\/\/www.europesays.com\/fr\/wp-json\/wp\/v2\/categories?post=1158410"},{"taxonomy":"post_tag","embeddable":true,"href":"https:\/\/www.europesays.com\/fr\/wp-json\/wp\/v2\/tags?post=1158410"}],"curies":[{"name":"wp","href":"https:\/\/api.w.org\/{rel}","templated":true}]}}