{"id":1158412,"date":"2026-08-31T02:51:40","date_gmt":"2026-08-31T02:51:40","guid":{"rendered":"https:\/\/www.europesays.com\/fr\/1158412\/"},"modified":"2026-08-31T02:51:40","modified_gmt":"2026-08-31T02:51:40","slug":"photos-une-nouvelle-passerelle-pour-rendre-la-gare-de-varangeville-saint-nicolas-accessible-a-tous","status":"publish","type":"post","link":"https:\/\/www.europesays.com\/fr\/1158412\/","title":{"rendered":"Photos . Une nouvelle passerelle pour rendre la gare de Varang\u00e9ville\/Saint-Nicolas accessible \u00e0 tous"},"content":{"rendered":"<p>Ce samedi 29 ao\u00fbt, Gares &amp; Connexions, filiale de la SNCF, a conduit les op\u00e9rations de pose d\u2019une passerelle d\u2019acc\u00e8s \u00e0 la gare de Varang\u00e9ville\u2013Saint-Nicolas, dans le cadre de sa mise aux normes d\u2019accessibilit\u00e9. Long de 19 m\u00e8tres et pesant 24 tonnes, l\u2019\u00e9l\u00e9ment principal de l\u2019ouvrage a \u00e9t\u00e9 install\u00e9 au-dessus des voies. La passerelle doit d\u00e9sormais \u00eatre compl\u00e9t\u00e9e par diff\u00e9rents \u00e9quipements, notamment deux ascenseurs situ\u00e9s de part et d\u2019autre, avant son ouverture aux usagers pr\u00e9vue en avril 2027.<\/p>\n","protected":false},"excerpt":{"rendered":"Ce samedi 29 ao\u00fbt, Gares &amp; Connexions, filiale de la SNCF, a conduit les op\u00e9rations de pose d\u2019une&hellip;\n","protected":false},"author":2,"featured_media":1158413,"comment_status":"","ping_status":"","sticky":false,"template":"","format":"standard","meta":{"footnotes":"","_share_on_mastodon":"0"},"categories":[9635],"tags":[1111,11,1704,1777,674,1795,1011,27,5325,2798,775,1702,12,25,2803,11987],"class_list":["post-1158412","post","type-post","status-publish","format-standard","has-post-thumbnail","category-nancy","tag-actu","tag-actualites","tag-edition-nancy-et-agglomeration","tag-eu","tag-europe","tag-fil-web","tag-fr","tag-france","tag-galerie-media","tag-galerie-photo","tag-grand-est","tag-nancy","tag-news","tag-republique-francaise","tag-transport","tag-varangeville"],"share_on_mastodon":{"url":"https:\/\/pubeurope.com\/@fr\/117187856736759407","error":""},"_links":{"self":[{"href":"https:\/\/www.europesays.com\/fr\/wp-json\/wp\/v2\/posts\/1158412","targetHints":{"allow":["GET"]}}],"collection":[{"href":"https:\/\/www.europesays.com\/fr\/wp-json\/wp\/v2\/posts"}],"about":[{"href":"https:\/\/www.europesays.com\/fr\/wp-json\/wp\/v2\/types\/post"}],"author":[{"embeddable":true,"href":"https:\/\/www.europesays.com\/fr\/wp-json\/wp\/v2\/users\/2"}],"replies":[{"embeddable":true,"href":"https:\/\/www.europesays.com\/fr\/wp-json\/wp\/v2\/comments?post=1158412"}],"version-history":[{"count":0,"href":"https:\/\/www.europesays.com\/fr\/wp-json\/wp\/v2\/posts\/1158412\/revisions"}],"wp:featuredmedia":[{"embeddable":true,"href":"https:\/\/www.europesays.com\/fr\/wp-json\/wp\/v2\/media\/1158413"}],"wp:attachment":[{"href":"https:\/\/www.europesays.com\/fr\/wp-json\/wp\/v2\/media?parent=1158412"}],"wp:term":[{"taxonomy":"category","embeddable":true,"href":"https:\/\/www.europesays.com\/fr\/wp-json\/wp\/v2\/categories?post=1158412"},{"taxonomy":"post_tag","embeddable":true,"href":"https:\/\/www.europesays.com\/fr\/wp-json\/wp\/v2\/tags?post=1158412"}],"curies":[{"name":"wp","href":"https:\/\/api.w.org\/{rel}","templated":true}]}}