{"id":1158426,"date":"2026-08-31T03:09:23","date_gmt":"2026-08-31T03:09:23","guid":{"rendered":"https:\/\/www.europesays.com\/fr\/1158426\/"},"modified":"2026-08-31T03:09:23","modified_gmt":"2026-08-31T03:09:23","slug":"nice-accord-trouve-avec-al-ittihad-pour-hicham-boudaoui","status":"publish","type":"post","link":"https:\/\/www.europesays.com\/fr\/1158426\/","title":{"rendered":"Nice : accord trouv\u00e9 avec Al-Ittihad pour Hicham Boudaoui"},"content":{"rendered":"<p>Apr\u00e8s plusieurs saisons de qualit\u00e9 sur la C\u00f4te d\u2019Azur, <a href=\"https:\/\/www.footmercato.net\/joueur\/hichem-boudaoui\/\" rel=\"nofollow noopener\" target=\"_blank\">Hicham Boudaoui<\/a> s\u2019appr\u00eate \u00e0 tourner la page de l\u2019OGC Nice. Le milieu de 26 ans sort d\u2019un exercice plein sur la C\u00f4te d\u2019Azur et a toujours \u00e9t\u00e9 convoqu\u00e9 avec l\u2019Alg\u00e9rie, avec qui il a disput\u00e9 la CAN ainsi que la Coupe du Monde cet \u00e9t\u00e9. En fin de contrat en 2027 avec le Gym, Boudaoui avait un ticket pour partir cet \u00e9t\u00e9. <\/p>\n<p>            La suite apr\u00e8s cette publicit\u00e9<\/p>\n<p>Et apr\u00e8s plusieurs semaines de n\u00e9gociations, toutes les parties sont d\u00e9sormais d\u2019accord pour un transfert autour de 8 millions d\u2019euros et un contrat de trois ans pour l\u2019Alg\u00e9rien du c\u00f4t\u00e9 d\u2019Al-Ittihad selon nos informations. L\u2019op\u00e9ration est ficel\u00e9e. Il ne manque plus que le feu vert final du PIF (le fonds souverain saoudien) pour officialiser son arriv\u00e9e en Saudi Pro League.<\/p>\n<p>\n    Pub. le 30\/08\/2026 21:32<br \/>\n            &#8211; MAJ le 31\/08\/2026 01:46\n    <\/p>\n","protected":false},"excerpt":{"rendered":"Apr\u00e8s plusieurs saisons de qualit\u00e9 sur la C\u00f4te d\u2019Azur, Hicham Boudaoui s\u2019appr\u00eate \u00e0 tourner la page de l\u2019OGC&hellip;\n","protected":false},"author":2,"featured_media":958905,"comment_status":"","ping_status":"","sticky":false,"template":"","format":"standard","meta":{"footnotes":"","_share_on_mastodon":"0"},"categories":[2819],"tags":[1111,11,1777,674,1011,27,12,2401,882,25],"class_list":["post-1158426","post","type-post","status-publish","format-standard","has-post-thumbnail","category-nice","tag-actu","tag-actualites","tag-eu","tag-europe","tag-fr","tag-france","tag-news","tag-nice","tag-provence-alpes-cote-dazur","tag-republique-francaise"],"share_on_mastodon":{"url":"https:\/\/pubeurope.com\/@fr\/117187927320627479","error":""},"_links":{"self":[{"href":"https:\/\/www.europesays.com\/fr\/wp-json\/wp\/v2\/posts\/1158426","targetHints":{"allow":["GET"]}}],"collection":[{"href":"https:\/\/www.europesays.com\/fr\/wp-json\/wp\/v2\/posts"}],"about":[{"href":"https:\/\/www.europesays.com\/fr\/wp-json\/wp\/v2\/types\/post"}],"author":[{"embeddable":true,"href":"https:\/\/www.europesays.com\/fr\/wp-json\/wp\/v2\/users\/2"}],"replies":[{"embeddable":true,"href":"https:\/\/www.europesays.com\/fr\/wp-json\/wp\/v2\/comments?post=1158426"}],"version-history":[{"count":0,"href":"https:\/\/www.europesays.com\/fr\/wp-json\/wp\/v2\/posts\/1158426\/revisions"}],"wp:featuredmedia":[{"embeddable":true,"href":"https:\/\/www.europesays.com\/fr\/wp-json\/wp\/v2\/media\/958905"}],"wp:attachment":[{"href":"https:\/\/www.europesays.com\/fr\/wp-json\/wp\/v2\/media?parent=1158426"}],"wp:term":[{"taxonomy":"category","embeddable":true,"href":"https:\/\/www.europesays.com\/fr\/wp-json\/wp\/v2\/categories?post=1158426"},{"taxonomy":"post_tag","embeddable":true,"href":"https:\/\/www.europesays.com\/fr\/wp-json\/wp\/v2\/tags?post=1158426"}],"curies":[{"name":"wp","href":"https:\/\/api.w.org\/{rel}","templated":true}]}}