{"id":115843,"date":"2025-05-21T03:05:18","date_gmt":"2025-05-21T03:05:18","guid":{"rendered":"https:\/\/www.europesays.com\/fr\/115843\/"},"modified":"2025-05-21T03:05:18","modified_gmt":"2025-05-21T03:05:18","slug":"lue-annonce-la-levee-de-toutes-les-sanctions-economiques-contre-la-syrie","status":"publish","type":"post","link":"https:\/\/www.europesays.com\/fr\/115843\/","title":{"rendered":"L&rsquo;UE annonce la lev\u00e9e de toutes les sanctions \u00e9conomiques contre la Syrie"},"content":{"rendered":"<p>&#13;<br \/>\n                        L&rsquo;UE annonce la lev\u00e9e de toutes les sanctions \u00e9conomiques contre la Syrie&#13;\n                    <\/p>\n<p style=\"text-align:\">L&rsquo;Union europ\u00e9enne (UE) a annonc\u00e9 mardi 20 mai la lev\u00e9e de toutes les sanctions \u00e9conomiques contre la Syrie.<\/p>\n<p><a href=\"https:\/\/lecourrier.vn\/la-3e-conference-internationale-pour-la-syrie-souligne-la-necessite-de-reussir-la-transition\/1277572.html\" title=\"La 3&lt;sup&gt;e&lt;\/sup&gt; conf\u00e9rence internationale pour la Syrie souligne la n\u00e9cessit\u00e9 de r\u00e9ussir la transition\" target=\"_blank\" rel=\"noopener\">&gt;&gt; La 3e conf\u00e9rence internationale pour la Syrie souligne la n\u00e9cessit\u00e9 de r\u00e9ussir la transition<\/a><\/p>\n<p><a href=\"https:\/\/lecourrier.vn\/a-riyad-donald-trump-leve-les-sanctions-contre-la-syrie-et-fait-le-plein-de-gros-contrats\/1283009.html\" title=\"\u00c0 Riyad, Donald Trump l\u00e8ve les sanctions contre la Syrie et fait le plein de gros contrats\" target=\"_blank\" rel=\"noopener\">&gt;&gt; \u00c0 Riyad, Donald Trump l\u00e8ve les sanctions contre la Syrie et fait le plein de gros contrats<\/a><\/p>\n<tr>\n<td class=\"pic\"><img decoding=\"async\" class=\"lazyload\" src=\"https:\/\/www.europesays.com\/fr\/wp-content\/uploads\/2025\/05\/075205-4.jpg\" alt=\"\"\/><\/td>\n<\/tr>\n<tr>\n<td class=\"caption\">La cheffe de la diplomatie europ\u00e9enne, Kaja Kallas. <\/td>\n<\/tr>\n<tr align=\"right\">\n<td class=\"author\">Photo : VNA\/CVN<\/td>\n<\/tr>\n<p style=\"text-align:left\">\u00ab\u00a0Aujourd&rsquo;hui, nous avons pris la d\u00e9cision de lever nos sanctions  \u00e9conomiques contre la Syrie\u00a0\u00bb, a indiqu\u00e9 la cheffe de la diplomatie  europ\u00e9enne, Kaja Kallas, dans un message post\u00e9 sur les r\u00e9seaux sociaux, \u00e0  l&rsquo;issue d&rsquo;une r\u00e9union des ministres des Affaires \u00e9trang\u00e8res des 27. \u00ab\u00a0Nous voulons aider le peuple syrien \u00e0 reconstruire une nouvelle Syrie,  inclusive et pacifique\u00a0\u00bb, a-t-elle ajout\u00e9.<\/p>\n<p style=\"text-align:left\">Cette lev\u00e9e des sanctions concerne essentiellement le syst\u00e8me bancaire  syrien, jusque l\u00e0 interdit d&rsquo;acc\u00e8s au march\u00e9 international des capitaux. Elle pr\u00e9voit \u00e9galement un d\u00e9gel des avoirs de la banque centrale syrienne.<\/p>\n<p style=\"text-align:left\">\u00ab\u00a0La lev\u00e9e des sanctions exprime la volont\u00e9 r\u00e9gionale et internationale de  soutenir la Syrie\u00a0\u00bb, a d\u00e9clar\u00e9 le ministre syrien des Affaires \u00e9trang\u00e8res,  Assaad al-Chaibani, lors d&rsquo;une conf\u00e9rence de presse \u00e0 Damas. \u00ab\u00a0Le peuple syrien a aujourd&rsquo;hui une opportunit\u00e9 historique et tr\u00e8s  importante de reconstruire son pays\u00a0\u00bb, a-t-il ajout\u00e9.<\/p>\n<p style=\"text-align:right\"><b>APS\/VNA\/CVN<\/b><\/p>\n","protected":false},"excerpt":{"rendered":"&#13; L&rsquo;UE annonce la lev\u00e9e de toutes les sanctions \u00e9conomiques contre la Syrie&#13; L&rsquo;Union europ\u00e9enne (UE) a annonc\u00e9&hellip;\n","protected":false},"author":2,"featured_media":115844,"comment_status":"","ping_status":"","sticky":false,"template":"","format":"standard","meta":{"footnotes":""},"categories":[1586],"tags":[11,1777,674,1779,1011,27,12,25,23610,32,1778,364],"class_list":{"0":"post-115843","1":"post","2":"type-post","3":"status-publish","4":"format-standard","5":"has-post-thumbnail","7":"category-europe","8":"tag-actualites","9":"tag-eu","10":"tag-europe","11":"tag-european-union","12":"tag-fr","13":"tag-france","14":"tag-news","15":"tag-republique-francaise","16":"tag-sanctions-economiques","17":"tag-syrie","18":"tag-ue","19":"tag-union-europeenne"},"share_on_mastodon":{"url":"https:\/\/pubeurope.com\/@fr\/114543612674948035","error":""},"_links":{"self":[{"href":"https:\/\/www.europesays.com\/fr\/wp-json\/wp\/v2\/posts\/115843","targetHints":{"allow":["GET"]}}],"collection":[{"href":"https:\/\/www.europesays.com\/fr\/wp-json\/wp\/v2\/posts"}],"about":[{"href":"https:\/\/www.europesays.com\/fr\/wp-json\/wp\/v2\/types\/post"}],"author":[{"embeddable":true,"href":"https:\/\/www.europesays.com\/fr\/wp-json\/wp\/v2\/users\/2"}],"replies":[{"embeddable":true,"href":"https:\/\/www.europesays.com\/fr\/wp-json\/wp\/v2\/comments?post=115843"}],"version-history":[{"count":0,"href":"https:\/\/www.europesays.com\/fr\/wp-json\/wp\/v2\/posts\/115843\/revisions"}],"wp:featuredmedia":[{"embeddable":true,"href":"https:\/\/www.europesays.com\/fr\/wp-json\/wp\/v2\/media\/115844"}],"wp:attachment":[{"href":"https:\/\/www.europesays.com\/fr\/wp-json\/wp\/v2\/media?parent=115843"}],"wp:term":[{"taxonomy":"category","embeddable":true,"href":"https:\/\/www.europesays.com\/fr\/wp-json\/wp\/v2\/categories?post=115843"},{"taxonomy":"post_tag","embeddable":true,"href":"https:\/\/www.europesays.com\/fr\/wp-json\/wp\/v2\/tags?post=115843"}],"curies":[{"name":"wp","href":"https:\/\/api.w.org\/{rel}","templated":true}]}}