{"id":1158436,"date":"2026-08-31T03:25:37","date_gmt":"2026-08-31T03:25:37","guid":{"rendered":"https:\/\/www.europesays.com\/fr\/1158436\/"},"modified":"2026-08-31T03:25:37","modified_gmt":"2026-08-31T03:25:37","slug":"parisfans-psg-toute-lactualite-du-paris-saint-germain-11","status":"publish","type":"post","link":"https:\/\/www.europesays.com\/fr\/1158436\/","title":{"rendered":"ParisFans : PSG &#8211; Toute l&rsquo;actualit\u00e9 du Paris Saint-Germain"},"content":{"rendered":"<p>\t\t\t\t\t\t\t\t\t\t\t\t\t\t\t\t\t\t\t\t\t\t\t\t\t<a href=\"https:\/\/www.parisfans.fr\/transferts\" rel=\"nofollow noopener\" target=\"_blank\">Mercato<\/a>\/ Il y a 1 jour<\/p>\n<p>Le transfert de Bradley Barcola, 23 ans, attaquant du Paris Saint-Germain, vers Liverpool se pr\u00e9cise jusque dans ses d\u00e9tails financiers. Selon Bruno Salomon pour ici Paris \u00cele-de-France, l\u2019op\u00e9ration atteindrait 145&#8230;<\/p>\n","protected":false},"excerpt":{"rendered":"Mercato\/ Il y a 1 jour Le transfert de Bradley Barcola, 23 ans, attaquant du Paris Saint-Germain, vers&hellip;\n","protected":false},"author":2,"featured_media":55746,"comment_status":"","ping_status":"","sticky":false,"template":"","format":"standard","meta":{"footnotes":"","_share_on_mastodon":"0"},"categories":[2815],"tags":[1111,11,1777,674,1011,27,811,1307,12,25],"class_list":["post-1158436","post","type-post","status-publish","format-standard","has-post-thumbnail","category-lille","tag-actu","tag-actualites","tag-eu","tag-europe","tag-fr","tag-france","tag-hauts-de-france","tag-lille","tag-news","tag-republique-francaise"],"share_on_mastodon":{"url":"https:\/\/pubeurope.com\/@fr\/117187990429564449","error":""},"_links":{"self":[{"href":"https:\/\/www.europesays.com\/fr\/wp-json\/wp\/v2\/posts\/1158436","targetHints":{"allow":["GET"]}}],"collection":[{"href":"https:\/\/www.europesays.com\/fr\/wp-json\/wp\/v2\/posts"}],"about":[{"href":"https:\/\/www.europesays.com\/fr\/wp-json\/wp\/v2\/types\/post"}],"author":[{"embeddable":true,"href":"https:\/\/www.europesays.com\/fr\/wp-json\/wp\/v2\/users\/2"}],"replies":[{"embeddable":true,"href":"https:\/\/www.europesays.com\/fr\/wp-json\/wp\/v2\/comments?post=1158436"}],"version-history":[{"count":0,"href":"https:\/\/www.europesays.com\/fr\/wp-json\/wp\/v2\/posts\/1158436\/revisions"}],"wp:featuredmedia":[{"embeddable":true,"href":"https:\/\/www.europesays.com\/fr\/wp-json\/wp\/v2\/media\/55746"}],"wp:attachment":[{"href":"https:\/\/www.europesays.com\/fr\/wp-json\/wp\/v2\/media?parent=1158436"}],"wp:term":[{"taxonomy":"category","embeddable":true,"href":"https:\/\/www.europesays.com\/fr\/wp-json\/wp\/v2\/categories?post=1158436"},{"taxonomy":"post_tag","embeddable":true,"href":"https:\/\/www.europesays.com\/fr\/wp-json\/wp\/v2\/tags?post=1158436"}],"curies":[{"name":"wp","href":"https:\/\/api.w.org\/{rel}","templated":true}]}}