{"id":115845,"date":"2025-05-21T03:06:19","date_gmt":"2025-05-21T03:06:19","guid":{"rendered":"https:\/\/www.europesays.com\/fr\/115845\/"},"modified":"2025-05-21T03:06:19","modified_gmt":"2025-05-21T03:06:19","slug":"direct-barrages-ligue-2-le-match-us-boulogne-clermont-foot-63-commente-sur-maligue-2","status":"publish","type":"post","link":"https:\/\/www.europesays.com\/fr\/115845\/","title":{"rendered":"DIRECT &#8211; Barrages Ligue 2 : le match US Boulogne &#8211; Clermont Foot 63 comment\u00e9 sur MaLigue 2"},"content":{"rendered":"<p style=\"text-align: justify;\">Un moment d\u2019histoire pour les locaux, un moment de peur pour les visiteurs ? Ce mardi \u00e0 20h45, l\u2019US <strong>Boulogne<\/strong> C\u00f4te-d\u2019Opale affronte le <strong>Clermont<\/strong> Foot 63 dans l\u2019espoir de prendre un avantage dans les barrages de\u00a0<strong>Ligue 2\u00a0<\/strong>et r\u00eaver de promotion, pour la deuxi\u00e8me fois en deux saisons. Tandis que les Auvergnats veulent, quant \u00e0 eux, \u00e9viter deux descentes en autant d\u2019exercices\u2026 Suivez le match aller en direct sur MaLigue2.fr gr\u00e2ce \u00e0 nos commentaires !<\/p>\n<p><strong>Le live de Boulogne \u2013 Clermont<\/strong><\/p>\n<p>                                <img decoding=\"async\" src=\"data:image\/svg+xml,%3Csvg%20xmlns=\" http:=\"\" data-lazy-src=\"https:\/\/www.europesays.com\/fr\/wp-content\/uploads\/2025\/05\/terrain.svg.svg+xml\"\/><\/p>\n<p><\/p>\n<p>1\u2019<\/p>\n<p>                                    Bonjour \u00e0 tous et bienvenue dans ce nouveau live MaLigue2, destin\u00e9 \u00e0 commenter le match opposant l&rsquo;US Boulogne (3e de National) au Clermont Foot (16e de Ligue 2) !                                <\/p>\n<p>\t\t&#13;<br \/>\n&#13;<\/p>\n","protected":false},"excerpt":{"rendered":"Un moment d\u2019histoire pour les locaux, un moment de peur pour les visiteurs ? Ce mardi \u00e0 20h45,&hellip;\n","protected":false},"author":2,"featured_media":115846,"comment_status":"","ping_status":"","sticky":false,"template":"","format":"standard","meta":{"footnotes":""},"categories":[2],"tags":[7561,11,23611,2313,1011,27,12,25],"class_list":{"0":"post-115845","1":"post","2":"type-post","3":"status-publish","4":"format-standard","5":"has-post-thumbnail","7":"category-actualites","8":"tag-alaune1","9":"tag-actualites","10":"tag-boulogne","11":"tag-clermont","12":"tag-fr","13":"tag-france","14":"tag-news","15":"tag-republique-francaise"},"share_on_mastodon":{"url":"https:\/\/pubeurope.com\/@fr\/114543616625079882","error":""},"_links":{"self":[{"href":"https:\/\/www.europesays.com\/fr\/wp-json\/wp\/v2\/posts\/115845","targetHints":{"allow":["GET"]}}],"collection":[{"href":"https:\/\/www.europesays.com\/fr\/wp-json\/wp\/v2\/posts"}],"about":[{"href":"https:\/\/www.europesays.com\/fr\/wp-json\/wp\/v2\/types\/post"}],"author":[{"embeddable":true,"href":"https:\/\/www.europesays.com\/fr\/wp-json\/wp\/v2\/users\/2"}],"replies":[{"embeddable":true,"href":"https:\/\/www.europesays.com\/fr\/wp-json\/wp\/v2\/comments?post=115845"}],"version-history":[{"count":0,"href":"https:\/\/www.europesays.com\/fr\/wp-json\/wp\/v2\/posts\/115845\/revisions"}],"wp:featuredmedia":[{"embeddable":true,"href":"https:\/\/www.europesays.com\/fr\/wp-json\/wp\/v2\/media\/115846"}],"wp:attachment":[{"href":"https:\/\/www.europesays.com\/fr\/wp-json\/wp\/v2\/media?parent=115845"}],"wp:term":[{"taxonomy":"category","embeddable":true,"href":"https:\/\/www.europesays.com\/fr\/wp-json\/wp\/v2\/categories?post=115845"},{"taxonomy":"post_tag","embeddable":true,"href":"https:\/\/www.europesays.com\/fr\/wp-json\/wp\/v2\/tags?post=115845"}],"curies":[{"name":"wp","href":"https:\/\/api.w.org\/{rel}","templated":true}]}}