{"id":1158460,"date":"2026-08-31T03:45:15","date_gmt":"2026-08-31T03:45:15","guid":{"rendered":"https:\/\/www.europesays.com\/fr\/1158460\/"},"modified":"2026-08-31T03:45:15","modified_gmt":"2026-08-31T03:45:15","slug":"sarah-ferguson-de-retour-en-angleterre-comme-harry-et-meghan-lex-dandrew-sinstalle-dans-une-maison-a-10-000-livres-le-mois-dans-le-quartier-securise-du-home-counties","status":"publish","type":"post","link":"https:\/\/www.europesays.com\/fr\/1158460\/","title":{"rendered":"Sarah Ferguson de retour en Angleterre comme Harry et Meghan : l\u2019ex d\u2019Andrew s\u2019installe dans une maison \u00e0 10.000 livres le mois dans le quartier s\u00e9curis\u00e9 du Home Counties"},"content":{"rendered":"<p><a href=\"https:\/\/www.closermag.fr\/royautes\/prince-harry-et-meghan-markle-de-retour-au-royaume-uni-furieux-et-plein-de-rage-il-exige-toujours-des-excuses-de-la-famille-royale-3655464\" rel=\"nofollow noopener\" target=\"_blank\"><br \/>\n<strong>Harry et Meghan<\/strong><\/a> ont fait un retour tr\u00e8s<br \/>\nremarqu\u00e9 au Royaume-Uni, le mercredi 26 ao\u00fbt dernier. Le duc et la<br \/>\nduchesse de Sussex sont <strong>revenus vivre au royaume<\/strong>,<br \/>\naccompagn\u00e9s de leurs enfants <strong>Archie et Lilibet<\/strong>, 6<br \/>\nans apr\u00e8s leur d\u00e9part explosif de la famille royale. Selon le<br \/>\nDaily Mail, le couple aurait d\u00e9cid\u00e9 d\u2019<strong>emm\u00e9nager<br \/>\ndans une r\u00e9sidence priv\u00e9e<\/strong>, n\u2019appartenant pas \u00e0 la famille<br \/>\nroyale dans les Cotswolds. Un retour qui fait beaucoup parler,<br \/>\nsurtout <a href=\"https:\/\/www.closermag.fr\/royautes\/harry-et-meghan-de-retour-au-royaume-uni-pourquoi-le-roi-charles-iii-en-fait-le-probleme-du-prince-william-3655417\" rel=\"nofollow noopener\" target=\"_blank\"><br \/>\n<strong>du c\u00f4t\u00e9 du prince William<\/strong><\/a> !<\/p>\n<p>Apr\u00e8s le retour des Sussex au Royaume-Uni, il semblerait que<br \/>\n<a href=\"https:\/\/www.closermag.fr\/royautes\/sarah-ferguson-couche-avec-des-hommes-riches-apres-le-scandale-epstein-revelation-sur-sa-relation-avec-p-diddy-3635225\" rel=\"nofollow noopener\" target=\"_blank\"><br \/>\n<strong>Sarah Ferguson, sous le joug de nouvelles<br \/>\naccusations<\/strong><\/a>, veuille \u00e9galement revenir, mais en<br \/>\ncatimini. Selon le Daily Mail, <strong>l\u2019ex-femme<br \/>\nd\u2019Andrew<\/strong> compte revenir s\u2019installer au Royaume-Uni dans<br \/>\nles prochains jours. Un retour apr\u00e8s avoir pass\u00e9 7 mois \u00e0<br \/>\nl\u2019\u00e9tranger, mais surtout en Europe. La maman de <strong>B\u00e9atrice et<br \/>\nEug\u00e9nie<\/strong> a notamment \u00e9t\u00e9 vue en Suisse et en Autriche au<br \/>\ncours de ces derniers mois.<\/p>\n<p>Sarah Ferguson de retour en Angleterre : une location \u00e0 pr\u00e8s de<br \/>\n12 000 euros par mois !<\/p>\n<p>Selon le m\u00e9dia, <strong>Sarah Ferguson<\/strong> pourrait faire<br \/>\nson retour en Grande-Bretagne, d\u00e8s le lundi 31 ao\u00fbt prochain.<br \/>\nD\u2019ailleurs, il est pr\u00e9vu qu\u2019elle loue une maison de 6 chambres<br \/>\n<strong>dans les Home Counties<\/strong>, la banlieue hupp\u00e9e de<br \/>\nLondres. Une location qui devrait lui co\u00fbter <strong>10 000<br \/>\nlivres<\/strong> (environ 11 600 euros) par mois ! \u00ab\u00a0Elle<br \/>\nenvisage un retour depuis un certain temps, mais il faut du temps<br \/>\npour trouver la maison id\u00e9ale\u00a0\u00bb, a d\u00e9clar\u00e9 une source au<br \/>\nm\u00e9dia.<\/p>\n<blockquote class=\"twitter-tweet\"><p><a class=\"twitter-link\" rel=\"noindex, nofollow noopener\" href=\"https:\/\/twitter.com\/DailyMail\/status\/2093522286758252907\" target=\"_blank\"><\/p><\/blockquote>\n<p>\u00ab\u00a0Elle n&rsquo;a pas eu \u00e0 se soucier de son logement pendant 20 ans<br \/>\npuisqu&rsquo;elle avait un <strong>appartement au Royal Lodge<br \/>\navec Andrew<\/strong>. C&rsquo;est le bon moment pour qu&rsquo;elle<br \/>\nreprenne sa vie en main\u00a0\u00bb, a ajout\u00e9 la source. D\u2019ailleurs, une<br \/>\nsource proche de l\u2019ancienne duchesse d\u2019York a confi\u00e9 au<br \/>\nSun qu\u2019elle voulait faire un retour en catimini. Elle<br \/>\ncherche notamment <strong>profiter de l\u2019attention<br \/>\nm\u00e9diatique<\/strong> centr\u00e9e sur les Sussex pour revenir en toute<br \/>\ndiscr\u00e9tion. Des camions de d\u00e9m\u00e9nagements transportant les affaires<br \/>\nde l\u2019ex-femme d\u2019<a href=\"https:\/\/www.closermag.fr\/royautes\/andrew-mountbatten-windsor-en-panique-face-au-projet-de-memoires-de-sarah-ferguson-lex-prince-envisage-de-porter-plainte-3634747\" rel=\"nofollow noopener\" target=\"_blank\"><strong>Andrew<br \/>\nMountbatten-Windsor<\/strong><\/a> ont \u00e9t\u00e9 vus au domicile de<br \/>\nl\u2019ancien duc d\u2019York, \u00e0 Sandringham.<\/p>\n<p>Andrew et Fergie : d\u00e9chus de leurs<br \/>\ntitres royaux !<\/p>\n<p>En octobre 2025, <strong>Sarah Ferguson<\/strong> et<br \/>\n<strong>Andrew Mountbatten-Windsor<\/strong> ont \u00e9t\u00e9 d\u00e9pouill\u00e9s de<br \/>\nleurs titres royaux, par le roi Charles III. Cela apr\u00e8s un examen<br \/>\npublic des relations entre les anciens duc et duchesse d\u2019York et<br \/>\n<strong>le p\u00e9docriminel Jeffrey Epstein<\/strong>. En f\u00e9vrier<br \/>\ndernier, l\u2019ancien couple a \u00e9galement \u00e9t\u00e9 expuls\u00e9 du Royal Lodge,<br \/>\ntoujours dans le cadre de cette affaire scandaleuse. Ils y<br \/>\nhabitaient depuis 18 ans\u2026<\/p>\n<blockquote class=\"twitter-tweet\"><p><a class=\"twitter-link\" rel=\"noindex, nofollow noopener\" href=\"https:\/\/twitter.com\/PageSix\/status\/1979323967245586875\" target=\"_blank\"><\/p><\/blockquote>\n<p>Si le scandale autour du fr\u00e8re du <strong>roi Charles<br \/>\nIII<\/strong> est tristement c\u00e9l\u00e8bre, Sarah Ferguson, elle, a<br \/>\nsurtout \u00e9t\u00e9 condamn\u00e9e pour plusieurs \u00e9changes de mails avec le<br \/>\ntrafiquant sexuel. De son c\u00f4t\u00e9, le p\u00e8re de B\u00e9atrice et Eug\u00e9nie est<br \/>\ntoujours <strong>sous enqu\u00eate polici\u00e8re<\/strong>. M\u00eame s\u2019il nie<br \/>\ntoute malversation, il a \u00e9t\u00e9 arr\u00eat\u00e9 en f\u00e9vrier dernier et accus\u00e9<br \/>\nd\u2019abus de pouvoir.<\/p>\n<p><script async src=\"https:\/\/platform.twitter.com\/widgets.js\" charset=\"utf-8\"><\/script><\/p>\n","protected":false},"excerpt":{"rendered":"Harry et Meghan ont fait un retour tr\u00e8s remarqu\u00e9 au Royaume-Uni, le mercredi 26 ao\u00fbt dernier. Le duc&hellip;\n","protected":false},"author":2,"featured_media":535136,"comment_status":"","ping_status":"","sticky":false,"template":"","format":"standard","meta":{"footnotes":"","_share_on_mastodon":"0"},"categories":[1588],"tags":[11,21303,1777,674,70426,12,473,1853,65861,1851,1850,1852],"class_list":["post-1158460","post","type-post","status-publish","format-standard","has-post-thumbnail","category-royaume-uni","tag-actualites","tag-buzz_nonli","tag-eu","tag-europe","tag-marfeel_news","tag-news","tag-royaume-uni","tag-royaume-uni-de-grande-bretagne-et-dirlande-du-nord","tag-trend","tag-uk","tag-united-kingdom","tag-united-kingdom-of-great-britain-and-northern-ireland"],"share_on_mastodon":{"url":"https:\/\/pubeurope.com\/@fr\/117188069146295995","error":""},"_links":{"self":[{"href":"https:\/\/www.europesays.com\/fr\/wp-json\/wp\/v2\/posts\/1158460","targetHints":{"allow":["GET"]}}],"collection":[{"href":"https:\/\/www.europesays.com\/fr\/wp-json\/wp\/v2\/posts"}],"about":[{"href":"https:\/\/www.europesays.com\/fr\/wp-json\/wp\/v2\/types\/post"}],"author":[{"embeddable":true,"href":"https:\/\/www.europesays.com\/fr\/wp-json\/wp\/v2\/users\/2"}],"replies":[{"embeddable":true,"href":"https:\/\/www.europesays.com\/fr\/wp-json\/wp\/v2\/comments?post=1158460"}],"version-history":[{"count":0,"href":"https:\/\/www.europesays.com\/fr\/wp-json\/wp\/v2\/posts\/1158460\/revisions"}],"wp:featuredmedia":[{"embeddable":true,"href":"https:\/\/www.europesays.com\/fr\/wp-json\/wp\/v2\/media\/535136"}],"wp:attachment":[{"href":"https:\/\/www.europesays.com\/fr\/wp-json\/wp\/v2\/media?parent=1158460"}],"wp:term":[{"taxonomy":"category","embeddable":true,"href":"https:\/\/www.europesays.com\/fr\/wp-json\/wp\/v2\/categories?post=1158460"},{"taxonomy":"post_tag","embeddable":true,"href":"https:\/\/www.europesays.com\/fr\/wp-json\/wp\/v2\/tags?post=1158460"}],"curies":[{"name":"wp","href":"https:\/\/api.w.org\/{rel}","templated":true}]}}