{"id":1158481,"date":"2026-08-31T04:04:35","date_gmt":"2026-08-31T04:04:35","guid":{"rendered":"https:\/\/www.europesays.com\/fr\/1158481\/"},"modified":"2026-08-31T04:04:35","modified_gmt":"2026-08-31T04:04:35","slug":"sentier-dart-la-sculpture-les-eaux-discretes-de-sophie-videgrain-est-a-voir-a-montreuil-largille","status":"publish","type":"post","link":"https:\/\/www.europesays.com\/fr\/1158481\/","title":{"rendered":"Sentier d&rsquo;art. La sculpture \u00ab\u00a0Les eaux discr\u00e8tes\u00a0\u00bb, de Sophie Videgrain, est \u00e0 voir \u00e0 Montreuil-l&rsquo;Argill\u00e9"},"content":{"rendered":"<p>                    Par<br \/>\n        <strong><br \/>\n            <a href=\"https:\/\/actu.fr\/auteur\/journaliste-en\" title=\"Consulter tous les articles de R\u00e9daction Bernay\" rel=\"nofollow noopener\" target=\"_blank\">R\u00e9daction Bernay<\/a><br \/>\n                    <\/strong><\/p>\n<p>        Publi\u00e9 le<\/p>\n<p>            30 ao\u00fbt 2026 \u00e0 12h10        <\/p>\n<p>Sophie Videgrain a quitt\u00e9 la vie parisienne pour vivre dans l\u2019Orne. Historienne d\u2019art de formation, elle se passionne d\u00e9sormais pour <b>l\u2019art \u00e9thique<\/b>, en ne travaillant que les mati\u00e8res naturelles qu\u2019elle trouve autour d\u2019elle. Apr\u00e8s avoir particip\u00e9 au Sentier d\u2019art de Beaumesnil, l\u2019\u00e9dition 2026, propos\u00e9e \u00e0 <a href=\"https:\/\/actu.fr\/normandie\/montreuil-l-argille_27414\" rel=\"nofollow noopener\" target=\"_blank\">Montreuil-l\u2019Argill\u00e9<\/a> (Eure) l\u2019a interpell\u00e9e avec son th\u00e8me <b>\u00ab L\u2019histoire tiss\u00e9e au fil du Guiel \u00bb<\/b>, parce qu\u2019elle vit aux sources du Guiel.<\/p>\n<p class=\" wall-content\">Elle pr\u00e9sente deux \u0153uvres cette ann\u00e9e. L\u2019histoire de la premi\u00e8re, <a href=\"https:\/\/actu.fr\/normandie\/montreuil-l-argille_27414\/eure-sophie-videgrain-eco-artiste-a-fabrique-avec-des-habitants-des-nasses-pour-attraper-des-reves_64677433.html\" rel=\"nofollow noopener\" target=\"_blank\">Prendre corps<\/a>, a \u00e9t\u00e9 pr\u00e9sent\u00e9e dans nos colonnes dans un pr\u00e9c\u00e9dent article. Voici celle de la seconde : Les eaux discr\u00e8tes.<\/p>\n<p>Les risques que l\u2019on prend avec nos rivi\u00e8res<\/p>\n<p class=\" wall-content\">\u00ab Pour cette autre cr\u00e9ation, je suis \u00e9galement partie du concept de la rivi\u00e8re, qui n\u2019est pas uniquement aliment\u00e9e par les sources, mais aussi par toutes les eaux d\u2019\u00e9coulement, du ruissellement de la pluie, <b>un tout qui fait vivre la rivi\u00e8re<\/b>, participe au bien-\u00eatre du biotope et cr\u00e9e des zones humides \u00bb, explique l\u2019artiste.<\/p>\n<p>    <img   decoding=\"async\" loading=\"lazy\" class=\"size-large\" src=\"https:\/\/www.europesays.com\/fr\/wp-content\/uploads\/2026\/08\/a167d18ea18a6d567d18ea18a0a67dv-1-960x640.jpg\" alt=\"Sophie Videgrain, inspir\u00e9e par la nature et la biodiversit\u00e9.\" width=\"960\" height=\"640\"\/><br \/>\n    Sophie Videgrain, inspir\u00e9e par la nature et la biodiversit\u00e9. \u00a9CP<\/p>\n<p class=\" wall-content\">Ce petit maillage de ruissellements qui nourrit la rivi\u00e8re se nomme <b>le chevelu<\/b>. \u00ab Et j\u2019ai trouv\u00e9 \u00e7a tr\u00e8s joli. \u00c7a fait penser aux cheveux ondoyants des sir\u00e8nes, des algues, \u00e0 la vie\u2026 \u00bb<\/p>\n<p class=\" wall-content\">Mais ces zones vitales peuvent \u00eatre d\u00e9truites par l\u2019agriculture intensive trop pr\u00e8s des berges, en \u00e9liminant totalement ou pour partie ces ruissellements vitaux. Sophie a voulu attirer l\u2019attention sur les risques que l\u2019on prend avec nos rivi\u00e8res, sur ces chevelus si fragiles et quasi invisibles. \u00ab Pour moi c\u2019\u00e9tait la base de mon travail : <b>attirer l\u2019attention sur les risques<\/b>. \u00bb<\/p>\n<p>Vid\u00e9os : en ce moment sur ActuUne \u0153uvre, une m\u00e9thode<\/p>\n<p class=\" wall-content\">Les eaux discr\u00e8tes sont une \u0153uvre form\u00e9e de planches travaill\u00e9es avec une technique japonaise, le Yakisugi.<\/p>\n<p class=\" wall-content\">\u00ab C\u2019est une m\u00e9thode d\u2019autant plus int\u00e9ressante qu\u2019elle consomme tr\u00e8s peu d\u2019\u00e9nergie et garantit au bois une p\u00e9rennit\u00e9. Les Japonais parlent de cinquante ans. Elle est un peu impressionnante \u00e0 mettre en pratique, et <b>il faut prendre toutes les pr\u00e9cautions n\u00e9cessaires<\/b>. Mais le rendu dit \u00c9caille de dragon, est vraiment tr\u00e8s beau. \u00bb<\/p>\n<p class=\" wall-content\">Le Yakigugi est <b>un br\u00fblage avec trois planches assez hautes<\/b>. Il faut les arrimer pour former une chemin\u00e9e triangulaire verticale, l\u00e9g\u00e8rement sur\u00e9lev\u00e9e, afin d\u2019y am\u00e9nager un petit foyer auquel on met le feu. Il faut \u00eatre tr\u00e8s prudent, parce qu\u2019il y a un tirage invraisemblable. L\u2019int\u00e9rieur des planches va br\u00fbler, puis partir en auto-combustion. Les planches br\u00fblant entre elles, il peut se cr\u00e9er une colonne de feu d\u2019un m\u00e8tre sortant de cette chemin\u00e9e.<\/p>\n<blockquote class=\"ac-article-quote wall-content\">\n<p>La rivi\u00e8re, c\u2019\u00e9tait aussi l\u2019\u00e9nergie d\u2019autrefois surtout par ici. Nous sommes dans une r\u00e9gion de moulins \u00e0 eau. Il y en avait partout, il en reste quelques-uns. Le moulin, on y allait chercher sa farine, on discutait avec les gens qu\u2019on y rencontrait.<\/p>\n<p>Sophie Videgrain<\/p><\/blockquote>\n<p>On affale, on ouvre et on arrose<\/p>\n<p class=\" wall-content\">D\u00e8s qu\u2019un br\u00fblis d\u2019environ cinq millim\u00e8tres s\u2019est form\u00e9, en une dizaine de minutes, on affale, on ouvre puis on arrose \u00e0 grande eau. <b>\u00c7a fige compl\u00e8tement la mati\u00e8re carbon\u00e9e.<\/b> Le choc thermique fait \u00e9clater le bois qui devient \u00e9caille de dragon. Puis on brosse et on passe de l\u2019huile de lin.<\/p>\n<p class=\" wall-content\">Pour la phase finale de son installation, Sophie Videgrain a pr\u00e9sent\u00e9 ses planches dans un assemblage rappelant des roues de moulin, mais \u00e0 la verticale \u00ab Et <b>j\u2019ai fix\u00e9 des lianes de cl\u00e9matite <\/b>sur les grandes planches noires pour \u00e9voquer le chevelu \u00bb, pr\u00e9cise l\u2019artiste<\/p>\n<p class=\" wall-content\">Elle ajoute : \u00ab La rivi\u00e8re, c\u2019\u00e9tait aussi<b> l\u2019\u00e9nergie d\u2019autrefois<\/b> surtout par ici. Nous sommes dans une r\u00e9gion de moulins \u00e0 eau. Il y en avait partout, il en reste quelques-uns. Le moulin, on y allait chercher sa farine, on discutait avec les gens qu\u2019on y rencontrait. \u00bb<\/p>\n<p class=\" wall-content\">Cette roue verticale est noire, elle attire l\u2019attention. Le bois br\u00fbl\u00e9 est aussi le symbole de la disparition des moulins, mais aussi du d\u00e9r\u00e8glement climatique.<\/p>\n<p class=\" wall-content\">\u00ab Certes, j\u2019\u00e9voque quelque chose d\u2019un peu moins gai mais moi j\u2019aime toujours que mon travail puisse \u00eatre interpr\u00e9t\u00e9 sous diff\u00e9rents vecteurs. <b>Chacun peut aussi voir, enfin lire, l\u2019\u0153uvre \u00e0 sa mani\u00e8re. <\/b>\u00bb<\/p>\n<p>Sentier d\u2019art \u00e0 Montreuil-l\u2019Argill\u00e9 du 27\u00a0juin au 27\u00a0septembre 2026. Renseignements : Email : <a href=\"https:\/\/actu.fr\/cdn-cgi\/l\/email-protection\" class=\"__cf_email__\" data-cfemail=\"82f6edf7f0ebf1efe7c2e0e7f0ece3fbecedf0efe3ece6ebe7ace4f0\" rel=\"nofollow noopener\" target=\"_blank\">[email\u00a0protected]<\/a>, sur le site www.bernaynormandie, sur la page Facebook de l\u2019Intercom Bernay Terres de Normandie ou le compte Instagram de l\u2019Office de tourisme.<\/p>\n<p class=\" wall-content\">Personnalisez votre actualit\u00e9 en ajoutant vos villes et m\u00e9dias en favori avec <a href=\"https:\/\/moncompte.actu.fr\" title=\"D\u00e9couvez Mon Actu\" rel=\"nofollow noopener\" data-trk=\"{&quot;cta&quot;:{&quot;action&quot;:&quot;https:\\\/\\\/moncompte.actu.fr&quot;,&quot;category&quot;:&quot;mon compte&quot;,&quot;from&quot;:&quot;article footer&quot;,&quot;name&quot;:&quot;Mon actu&quot;,&quot;type&quot;:&quot;cta&quot;}}\" target=\"_blank\">Mon Actu<\/a>.<\/p>\n","protected":false},"excerpt":{"rendered":"Par R\u00e9daction Bernay Publi\u00e9 le 30 ao\u00fbt 2026 \u00e0 12h10 Sophie Videgrain a quitt\u00e9 la vie parisienne pour&hellip;\n","protected":false},"author":2,"featured_media":1158482,"comment_status":"","ping_status":"","sticky":false,"template":"","format":"standard","meta":{"footnotes":"","_share_on_mastodon":"0"},"categories":[1358],"tags":[1063,1348,1384,1385,1386,58,51,59,1011,27,52],"class_list":["post-1158481","post","type-post","status-publish","format-standard","has-post-thumbnail","category-arts-et-design","tag-animations","tag-arts","tag-arts-and-design","tag-arts-et-design","tag-design","tag-divertissement","tag-ecologie","tag-entertainment","tag-fr","tag-france","tag-planete"],"share_on_mastodon":{"url":"https:\/\/pubeurope.com\/@fr\/117188145214989224","error":""},"_links":{"self":[{"href":"https:\/\/www.europesays.com\/fr\/wp-json\/wp\/v2\/posts\/1158481","targetHints":{"allow":["GET"]}}],"collection":[{"href":"https:\/\/www.europesays.com\/fr\/wp-json\/wp\/v2\/posts"}],"about":[{"href":"https:\/\/www.europesays.com\/fr\/wp-json\/wp\/v2\/types\/post"}],"author":[{"embeddable":true,"href":"https:\/\/www.europesays.com\/fr\/wp-json\/wp\/v2\/users\/2"}],"replies":[{"embeddable":true,"href":"https:\/\/www.europesays.com\/fr\/wp-json\/wp\/v2\/comments?post=1158481"}],"version-history":[{"count":0,"href":"https:\/\/www.europesays.com\/fr\/wp-json\/wp\/v2\/posts\/1158481\/revisions"}],"wp:featuredmedia":[{"embeddable":true,"href":"https:\/\/www.europesays.com\/fr\/wp-json\/wp\/v2\/media\/1158482"}],"wp:attachment":[{"href":"https:\/\/www.europesays.com\/fr\/wp-json\/wp\/v2\/media?parent=1158481"}],"wp:term":[{"taxonomy":"category","embeddable":true,"href":"https:\/\/www.europesays.com\/fr\/wp-json\/wp\/v2\/categories?post=1158481"},{"taxonomy":"post_tag","embeddable":true,"href":"https:\/\/www.europesays.com\/fr\/wp-json\/wp\/v2\/tags?post=1158481"}],"curies":[{"name":"wp","href":"https:\/\/api.w.org\/{rel}","templated":true}]}}