{"id":1158483,"date":"2026-08-31T04:06:21","date_gmt":"2026-08-31T04:06:21","guid":{"rendered":"https:\/\/www.europesays.com\/fr\/1158483\/"},"modified":"2026-08-31T04:06:21","modified_gmt":"2026-08-31T04:06:21","slug":"emily-in-paris-les-premieres-images-de-la-sixieme-et-derniere-saison-devoilees","status":"publish","type":"post","link":"https:\/\/www.europesays.com\/fr\/1158483\/","title":{"rendered":"Emily in Paris : les premi\u00e8res images de la sixi\u00e8me et derni\u00e8re saison d\u00e9voil\u00e9es"},"content":{"rendered":"<p><a href=\"https:\/\/www.vanityfair.fr\/dossier\/netflix\" isautogenerated=\"true\" rel=\"nofollow noopener\" target=\"_blank\">Netflix<\/a> a d\u00e9cid\u00e9 de chatouiller l&rsquo;impatience des fans en publiant, vendredi 28 ao\u00fbt, un premier aper\u00e7u de la <a href=\"https:\/\/www.vanityfair.fr\/article\/darren-star-emily-in-paris-apres-brigitte-macron-on-pourrait-peut-etre-avoir-le-president-dans-la-serie\" target=\"_blank\" rel=\"nofollow noopener\">sixi\u00e8me et derni\u00e8re saison d&rsquo;Emily in<\/a> <a href=\"https:\/\/www.vanityfair.fr\/article\/darren-star-emily-in-paris-apres-brigitte-macron-on-pourrait-peut-etre-avoir-le-president-dans-la-serie\" target=\"_blank\" isautogenerated=\"true\" rel=\"nofollow noopener\">Paris<\/a>. La plateforme de streaming a partag\u00e9 un carrousel d&rsquo;images sur son compte <a href=\"https:\/\/www.vanityfair.fr\/dossier\/instagram\" isautogenerated=\"true\" rel=\"nofollow noopener\" target=\"_blank\">Instagram<\/a>, repris \u00e9galement par <strong>Lily<\/strong> <strong>Collins<\/strong>, interpr\u00e8te de la c\u00e9l\u00e8bre l&rsquo;aspirante responsable marketing am\u00e9ricaine. \u00ab Encore plus de mode, encore plus d&rsquo;aventures et, bien s\u00fbr, encore plus de Paris ! Voici un premier aper\u00e7u de ce qui attend Emily : notre derni\u00e8re saison sera \u00e0 vous d\u00e8s le 24 d\u00e9cembre. \u00c0 bient\u00f4t \u00bb, a-t-elle \u00e9crit sur son compte Instagram.<\/p>\n<p>Les ingr\u00e9dients qui ont contribu\u00e9 au succ\u00e8s d&rsquo;Emily in Paris sont de nouveau r\u00e9unis : des tenues hautement fashion, les d\u00e9cors grandioses et fastueux de la ville des lumi\u00e8res, des d\u00e9monstrations d&rsquo;amiti\u00e9, de l&rsquo;amour sous le soleil et, surtout, des visages familiers : <strong>Ashley<\/strong> <strong>Park<\/strong>, <strong>Lucas Bravo<\/strong>, <strong>Samuel<\/strong> <strong>Arnold<\/strong>, <strong>Lucien<\/strong> <strong>Laviscount<\/strong> et <strong>Philippine Leroy-Beaulieu<\/strong>, intraitable Sylvie Grateau. Ces premiers extraits visuels confirment \u00e9galement le retour aux sources de la s\u00e9rie : apr\u00e8s <a href=\"https:\/\/www.vanityfair.fr\/article\/emily-in-paris-combien-faut-il-gagner-pour-vivre-comme-elle\" target=\"_blank\" rel=\"nofollow noopener\">deux saisons mettant l&rsquo;Italie \u00e0 l&rsquo;honneur<\/a>, le casting prend de nouveau ses quartiers \u00e0 Paris (mais s&rsquo;accorde toutefois une vir\u00e9e en Gr\u00e8ce).<\/p>\n<p>Cr\u00e9ation sign\u00e9e <strong>Darren<\/strong> <strong>Star<\/strong> (Beverly Hills 90210, <a href=\"https:\/\/www.vanityfair.fr\/dossier\/sex-and-the-city\" isautogenerated=\"true\" rel=\"nofollow noopener\" target=\"_blank\">Sex and the City<\/a>), Netflix avait <a href=\"https:\/\/www.vanityfair.fr\/article\/emily-in-paris-revient-officiellement-pour-une-saison-6\" target=\"_blank\" rel=\"nofollow noopener\">confirm\u00e9 le retour d&rsquo;une sixi\u00e8me et derni\u00e8re saison en janvier dernier<\/a>, quelques jours seulement apr\u00e8s la diffusion de la cinqui\u00e8me saison. Un spoiler de taille sur les lieux de l&rsquo;intrigue s&rsquo;est pr\u00e9sent\u00e9 au mois de juin lorsque l&rsquo;\u00e9quipe de tournage a \u00e9t\u00e9 photographi\u00e9e sur le circuit de <a href=\"https:\/\/www.vanityfair.fr\/dossier\/monaco\" isautogenerated=\"true\" rel=\"nofollow noopener\" target=\"_blank\">Monaco<\/a>, en marge du Grand Prix. L&rsquo;h\u00e9ro\u00efne avait \u00e9t\u00e9 vue sur la pitlane, en tailleur-short citron et escarpins violets aux pieds, avant d&rsquo;enfiler un casque de protection.<\/p>\n<p>La fin de la saison cinq avait laiss\u00e9 beaucoup de questions en suspens : Emily avait rompu avec Marcello, son petit ami italien. Sur ces entrefaites, Gabriel (Lucas Bravo), son amoureux fran\u00e7ais, chef cuisinier de son \u00e9tat, lui \u00e9crivait une lettre l&rsquo;invitant \u00e0 le rejoindre en Gr\u00e8ce. Un final qui laissait pr\u00e9sager un retour de flamme entre les deux protagonistes. R\u00e9ponse le 24 d\u00e9cembre prochain.<\/p>\n","protected":false},"excerpt":{"rendered":"Netflix a d\u00e9cid\u00e9 de chatouiller l&rsquo;impatience des fans en publiant, vendredi 28 ao\u00fbt, un premier aper\u00e7u de la&hellip;\n","protected":false},"author":2,"featured_media":1158484,"comment_status":"","ping_status":"","sticky":false,"template":"","format":"standard","meta":{"footnotes":"","_share_on_mastodon":"0"},"categories":[1356],"tags":[251,58,59,1011,27,252,73114,1364,721],"class_list":["post-1158483","post","type-post","status-publish","format-standard","has-post-thumbnail","category-television","tag-culture","tag-divertissement","tag-entertainment","tag-fr","tag-france","tag-television","tag-textabovecenterfullbleed","tag-tv","tag-web"],"share_on_mastodon":{"url":"https:\/\/pubeurope.com\/@fr\/117188151484643298","error":""},"_links":{"self":[{"href":"https:\/\/www.europesays.com\/fr\/wp-json\/wp\/v2\/posts\/1158483","targetHints":{"allow":["GET"]}}],"collection":[{"href":"https:\/\/www.europesays.com\/fr\/wp-json\/wp\/v2\/posts"}],"about":[{"href":"https:\/\/www.europesays.com\/fr\/wp-json\/wp\/v2\/types\/post"}],"author":[{"embeddable":true,"href":"https:\/\/www.europesays.com\/fr\/wp-json\/wp\/v2\/users\/2"}],"replies":[{"embeddable":true,"href":"https:\/\/www.europesays.com\/fr\/wp-json\/wp\/v2\/comments?post=1158483"}],"version-history":[{"count":0,"href":"https:\/\/www.europesays.com\/fr\/wp-json\/wp\/v2\/posts\/1158483\/revisions"}],"wp:featuredmedia":[{"embeddable":true,"href":"https:\/\/www.europesays.com\/fr\/wp-json\/wp\/v2\/media\/1158484"}],"wp:attachment":[{"href":"https:\/\/www.europesays.com\/fr\/wp-json\/wp\/v2\/media?parent=1158483"}],"wp:term":[{"taxonomy":"category","embeddable":true,"href":"https:\/\/www.europesays.com\/fr\/wp-json\/wp\/v2\/categories?post=1158483"},{"taxonomy":"post_tag","embeddable":true,"href":"https:\/\/www.europesays.com\/fr\/wp-json\/wp\/v2\/tags?post=1158483"}],"curies":[{"name":"wp","href":"https:\/\/api.w.org\/{rel}","templated":true}]}}