{"id":1158493,"date":"2026-08-31T04:13:19","date_gmt":"2026-08-31T04:13:19","guid":{"rendered":"https:\/\/www.europesays.com\/fr\/1158493\/"},"modified":"2026-08-31T04:13:19","modified_gmt":"2026-08-31T04:13:19","slug":"des-rumeurs-revelent-les-dates-de-sortie-et-les-caracteristiques-de-la-playstation-6-et-de-la-psp-3","status":"publish","type":"post","link":"https:\/\/www.europesays.com\/fr\/1158493\/","title":{"rendered":"Des rumeurs r\u00e9v\u00e8lent les dates de sortie et les caract\u00e9ristiques de la PlayStation 6 et de la PSP 3."},"content":{"rendered":"<p>    <img decoding=\"async\" src=\"https:\/\/www.europesays.com\/fr\/wp-content\/uploads\/2026\/08\/Image_ankpelankpelankp_ggpu.webp\" itemprop=\"image\" alt=\"Des rumeurs r\u00e9v\u00e8lent les dates de sortie et les caract\u00e9ristiques de la PlayStation 6 et de la PSP 3.\" width=\"1920\" height=\"1080\" loading=\"lazy\"\/><\/p>\n<p>\t\t\t\t<a href=\"https:\/\/fr.gamegpu.com\/component\/contact\/contact\/zhenek?catid=184\" itemprop=\"url\" rel=\"nofollow noopener\" target=\"_blank\"><br \/>\n\t\t\tEvgen Kovalov\t\t<\/a><\/p>\n<p>\t\t\t<a href=\"https:\/\/fr.gamegpu.com\/news\/zhelezo\" rel=\"nofollow noopener\" target=\"_blank\">\u00c9QUIPEMENT<\/a><\/p>\n<p>\t\tAo\u00fbt 30 2026\t<\/p>\n<p>\tVues: 32850<\/p>\n<p style=\"text-align: justify;\" data-path-to-node=\"4\">D&rsquo;apr\u00e8s les derni\u00e8res informations et fuites provenant de sources industrielles, Sony d\u00e9veloppe activement deux consoles de jeux de nouvelle g\u00e9n\u00e9ration\u00a0: la PS6 et une console portable, provisoirement nomm\u00e9e PSP 3. Le lancement des deux plateformes est pr\u00e9vu pour la fin de l&rsquo;ann\u00e9e prochaine, ce qui constituera une mise \u00e0 jour simultan\u00e9e de l&rsquo;\u00e9cosyst\u00e8me PlayStation. La PS6, console de salon \u00e0 part enti\u00e8re, est con\u00e7ue comme une solution phare dot\u00e9e d&rsquo;une puissance de calcul de pointe, ax\u00e9e sur des performances maximales, le ray tracing et la prise en charge des ultra-hautes r\u00e9solutions.<\/p>\n<p style=\"text-align: justify;\" data-path-to-node=\"5\">La version portable du syst\u00e8me est con\u00e7ue pour jouer directement en d\u00e9placement et offrira une compatibilit\u00e9 mat\u00e9rielle avec les vastes catalogues de jeux PS4, PS5 et futurs titres PS6. Les ing\u00e9nieurs optimisent l&rsquo;architecture du processeur hybride et les profils basse consommation afin de garantir une fluidit\u00e9 d&rsquo;image et une mise \u00e0 l&rsquo;\u00e9chelle optimales sur les appareils portables, sans n\u00e9cessiter de versions tierces. Cette unification de la plateforme permettra aux utilisateurs de transf\u00e9rer facilement l&rsquo;int\u00e9gralit\u00e9 de leur biblioth\u00e8que num\u00e9rique de leurs consoles de salon vers un appareil compact.<\/p>\n<p style=\"text-align: justify;\" data-path-to-node=\"6\">Les co\u00fbts de production et la complexit\u00e9 accrue du mat\u00e9riel auront in\u00e9vitablement un impact sur le prix de vente des nouvelles consoles. Selon certaines sources, les consoles PS6 de bureau et portables co\u00fbteront plus cher que tous les lancements pr\u00e9c\u00e9dents de la marque, d\u00e9passant les prix de lancement de la PS4 et de la PS5 (respectivement 399 $ et 499 $). Cette hausse de prix s&rsquo;explique par le co\u00fbt \u00e9lev\u00e9 des puces semi-conductrices de pointe, de la m\u00e9moire et des syst\u00e8mes de refroidissement, ce qui positionne ces deux produits comme des consoles haut de gamme.<\/p>\n<p style=\"text-align: justify;\" class=\"gt-block\"><a rel=\"nofollow noopener\" target=\"_blank\" href=\"https:\/\/www.facebook.com\/TCMFGames\">Source<\/a><\/p>\n","protected":false},"excerpt":{"rendered":"Evgen Kovalov \u00c9QUIPEMENT Ao\u00fbt 30 2026 Vues: 32850 D&rsquo;apr\u00e8s les derni\u00e8res informations et fuites provenant de sources industrielles,&hellip;\n","protected":false},"author":2,"featured_media":1158494,"comment_status":"","ping_status":"","sticky":false,"template":"","format":"standard","meta":{"footnotes":"","_share_on_mastodon":"0"},"categories":[7],"tags":[1011,27,43,40,41,39,42,44],"class_list":["post-1158493","post","type-post","status-publish","format-standard","has-post-thumbnail","category-sciences-et-technologies","tag-fr","tag-france","tag-science","tag-science-and-technology","tag-sciences","tag-sciences-et-technologies","tag-technologies","tag-technology"],"share_on_mastodon":{"url":"https:\/\/pubeurope.com\/@fr\/117188180891252126","error":""},"_links":{"self":[{"href":"https:\/\/www.europesays.com\/fr\/wp-json\/wp\/v2\/posts\/1158493","targetHints":{"allow":["GET"]}}],"collection":[{"href":"https:\/\/www.europesays.com\/fr\/wp-json\/wp\/v2\/posts"}],"about":[{"href":"https:\/\/www.europesays.com\/fr\/wp-json\/wp\/v2\/types\/post"}],"author":[{"embeddable":true,"href":"https:\/\/www.europesays.com\/fr\/wp-json\/wp\/v2\/users\/2"}],"replies":[{"embeddable":true,"href":"https:\/\/www.europesays.com\/fr\/wp-json\/wp\/v2\/comments?post=1158493"}],"version-history":[{"count":0,"href":"https:\/\/www.europesays.com\/fr\/wp-json\/wp\/v2\/posts\/1158493\/revisions"}],"wp:featuredmedia":[{"embeddable":true,"href":"https:\/\/www.europesays.com\/fr\/wp-json\/wp\/v2\/media\/1158494"}],"wp:attachment":[{"href":"https:\/\/www.europesays.com\/fr\/wp-json\/wp\/v2\/media?parent=1158493"}],"wp:term":[{"taxonomy":"category","embeddable":true,"href":"https:\/\/www.europesays.com\/fr\/wp-json\/wp\/v2\/categories?post=1158493"},{"taxonomy":"post_tag","embeddable":true,"href":"https:\/\/www.europesays.com\/fr\/wp-json\/wp\/v2\/tags?post=1158493"}],"curies":[{"name":"wp","href":"https:\/\/api.w.org\/{rel}","templated":true}]}}