{"id":1158497,"date":"2026-08-31T04:15:20","date_gmt":"2026-08-31T04:15:20","guid":{"rendered":"https:\/\/www.europesays.com\/fr\/1158497\/"},"modified":"2026-08-31T04:15:20","modified_gmt":"2026-08-31T04:15:20","slug":"la-capture-dun-caporal-de-la-legion-etrangere-francaise-revendiquee-par-des-ex-farc","status":"publish","type":"post","link":"https:\/\/www.europesays.com\/fr\/1158497\/","title":{"rendered":"La capture d\u2019un caporal de la L\u00e9gion \u00e9trang\u00e8re fran\u00e7aise revendiqu\u00e9e par des ex-FARC"},"content":{"rendered":"<p>En Colombie, le sort de Jos\u00e9 Olger Melo Charry se pr\u00e9cise. <a href=\"https:\/\/www.20minutes.fr\/monde\/4241473-20260828-colombie-ivan-mordisco-guerillero-origine-enlevement-legionnaire-francais\" target=\"_blank\" class=\"c-link c-link--is-underlined\" rel=\"nofollow noopener\">La gu\u00e9rilla de l\u2019EMC<\/a> a revendiqu\u00e9 dimanche la capture de ce Colombien de la L\u00e9gion \u00e9trang\u00e8re fran\u00e7aise, la principale dissidence des ex-FARC pr\u00e9cisant qu\u2019il est \u00ab\u00a0en parfaite sant\u00e9\u00a0\u00bb.<\/p>\n<p>Caporal en permission, il a \u00e9t\u00e9 <a href=\"https:\/\/www.20minutes.fr\/monde\/4241590-20260829-soldat-legion-etrangere-enleve-colombie-demande-rancon-selon-armee\" target=\"_blank\" class=\"c-link c-link--is-underlined\" rel=\"nofollow noopener\">pris en otage le 6\u00a0ao\u00fbt<\/a> alors qu\u2019il circulait sur une route du d\u00e9partement de Nari\u00f1o, dans le sud-ouest du pays, avait r\u00e9v\u00e9l\u00e9 l\u2019arm\u00e9e colombienne jeudi.<\/p>\n<p>Un \u00ab\u00a0prisonnier de guerre\u00a0\u00bb<\/p>\n<p>Des unit\u00e9s de l\u2019Etat-major central \u00ab\u00a0ont intercept\u00e9 et fait prisonnier le caporal JOS\u00c9 OLGER MELO CHARRY, membre actif de l\u2019Arm\u00e9e fran\u00e7aise et appartenant \u00e0 la L\u00e9gion \u00e9trang\u00e8re, qui se trouvait en territoire colombien\u00a0\u00bb, a indiqu\u00e9 cette gu\u00e9rilla dans un communiqu\u00e9. \u00ab\u00a0Sa capture a \u00e9t\u00e9 effectu\u00e9e apr\u00e8s avoir confirm\u00e9 sa condition de militaire \u00e9tranger se d\u00e9pla\u00e7ant en zone rurale de la municipalit\u00e9 de Cumbitara, un lieu o\u00f9 se d\u00e9roulent des op\u00e9rations militaires contre nos unit\u00e9s\u00a0\u00bb, a-t-elle ajout\u00e9, en fran\u00e7ais.<\/p>\n<\/p>\n<p>\u00ab\u00a0Nous informons les autorit\u00e9s fran\u00e7aises, sa famille et ses amis que le caporal MELO CHARRY est vivant, en parfaite sant\u00e9, et qu\u2019il a re\u00e7u des soins m\u00e9dicaux et une alimentation ad\u00e9quate\u00a0\u00bb, a assur\u00e9 l\u2019EMC, qui le qualifie de \u00ab\u00a0prisonnier de guerre\u00a0\u00bb et dit rejeter \u00ab\u00a0les termes d'\u00a0\u00bbenl\u00e8vement\u00a0\u00bb utilis\u00e9s par les autorit\u00e9s colombiennes et les m\u00e9dias\u00a0\u00bb.<\/p>\n<p>Ag\u00e9 d\u2019une trentaine d\u2019ann\u00e9es, Jos\u00e9 Olger Melo Charry \u00e9tait arriv\u00e9 en Colombie la veille de son enl\u00e8vement et voyageait avec une femme, elle aussi enlev\u00e9e avant d\u2019\u00eatre lib\u00e9r\u00e9e quelques heures plus tard, selon l\u2019arm\u00e9e colombienne. Selon le minist\u00e8re fran\u00e7ais des Arm\u00e9es, le soldat, qui ne dispose pas de la nationalit\u00e9 fran\u00e7aise, avait un permis l\u2019autorisant \u00e0 r\u00e9sider en France m\u00e9tropolitaine, mais pas \u00e0 se rendre en Colombie.<\/p>\n<p>Ivan Mordisco, gu\u00e9rillero le plus recherch\u00e9 de Colombie<\/p>\n<p><a href=\"https:\/\/www.20minutes.fr\/monde\/etats-unis\/4230323-20260622-victoire-candidat-antisysteme-pro-trump-presidentielle-colombie\" target=\"_blank\" class=\"c-link c-link--is-underlined\" rel=\"nofollow noopener\">Le nouveau pr\u00e9sident colombien, Abelardo de\u00a0la\u00a0Espriella<\/a>, de droite dure, a promis une lutte sans merci contre les gu\u00e9rillas et les narcotrafiquants. Des op\u00e9rations militaires meurtri\u00e8res ont d\u00e9j\u00e0 eu lieu depuis son investiture le 7\u00a0ao\u00fbt. De son c\u00f4t\u00e9, l\u2019EMC, groupe dirig\u00e9 par un homme connu sous le nom d\u2019Ivan Mordisco, le gu\u00e9rillero le plus recherch\u00e9 de Colombie, a rejet\u00e9 l\u2019accord de paix de\u00a02016 sign\u00e9 \u00e0 l\u2019\u00e9poque avec les FARC, aujourd\u2019hui dissoutes.<\/p>\n<p><a href=\"https:\/\/www.20minutes.fr\/monde\/colombie\/\" target=\"_blank\" class=\"c-link c-btn c-btn--primary\" rel=\"nofollow noopener\">Nos articles sur la Colombie<\/a><\/p>\n<p>La gu\u00e9rilla affirme que \u00ab\u00a0l\u2019int\u00e9grit\u00e9 physique\u00a0\u00bb de Jos\u00e9 Olger Melo Charry est \u00ab\u00a0pleinement garantie tant qu\u2019aucune op\u00e9ration militaire hostile ne sera men\u00e9e dans la zone\u00a0\u00bb, faisant porter au pr\u00e9sident colombien la responsabilit\u00e9 de \u00ab\u00a0toute tentative d\u2019op\u00e9ration de sauvetage militaire qui mettrait en danger la vie du prisonnier de guerre\u00a0\u00bb.<\/p>\n","protected":false},"excerpt":{"rendered":"En Colombie, le sort de Jos\u00e9 Olger Melo Charry se pr\u00e9cise. La gu\u00e9rilla de l\u2019EMC a revendiqu\u00e9 dimanche&hellip;\n","protected":false},"author":2,"featured_media":1158498,"comment_status":"","ping_status":"","sticky":false,"template":"","format":"standard","meta":{"footnotes":"","_share_on_mastodon":"0"},"categories":[5],"tags":[47,11,1813,9395,2716,47220,1011,27,118974,14,41198,74,12,133,28],"class_list":["post-1158497","post","type-post","status-publish","format-standard","has-post-thumbnail","category-international","tag-actualite","tag-actualites","tag-armee","tag-colombie","tag-enlevement","tag-farc","tag-fr","tag-france","tag-guerilla","tag-international","tag-legion-etrangere","tag-monde","tag-news","tag-video","tag-world"],"share_on_mastodon":{"url":"https:\/\/pubeurope.com\/@fr\/117188187066588470","error":""},"_links":{"self":[{"href":"https:\/\/www.europesays.com\/fr\/wp-json\/wp\/v2\/posts\/1158497","targetHints":{"allow":["GET"]}}],"collection":[{"href":"https:\/\/www.europesays.com\/fr\/wp-json\/wp\/v2\/posts"}],"about":[{"href":"https:\/\/www.europesays.com\/fr\/wp-json\/wp\/v2\/types\/post"}],"author":[{"embeddable":true,"href":"https:\/\/www.europesays.com\/fr\/wp-json\/wp\/v2\/users\/2"}],"replies":[{"embeddable":true,"href":"https:\/\/www.europesays.com\/fr\/wp-json\/wp\/v2\/comments?post=1158497"}],"version-history":[{"count":0,"href":"https:\/\/www.europesays.com\/fr\/wp-json\/wp\/v2\/posts\/1158497\/revisions"}],"wp:featuredmedia":[{"embeddable":true,"href":"https:\/\/www.europesays.com\/fr\/wp-json\/wp\/v2\/media\/1158498"}],"wp:attachment":[{"href":"https:\/\/www.europesays.com\/fr\/wp-json\/wp\/v2\/media?parent=1158497"}],"wp:term":[{"taxonomy":"category","embeddable":true,"href":"https:\/\/www.europesays.com\/fr\/wp-json\/wp\/v2\/categories?post=1158497"},{"taxonomy":"post_tag","embeddable":true,"href":"https:\/\/www.europesays.com\/fr\/wp-json\/wp\/v2\/tags?post=1158497"}],"curies":[{"name":"wp","href":"https:\/\/api.w.org\/{rel}","templated":true}]}}