{"id":1158501,"date":"2026-08-31T04:17:36","date_gmt":"2026-08-31T04:17:36","guid":{"rendered":"https:\/\/www.europesays.com\/fr\/1158501\/"},"modified":"2026-08-31T04:17:36","modified_gmt":"2026-08-31T04:17:36","slug":"une-animation-qui-manque-de-profondeur-en-quoi-le-depart-de-bradley-barcola-impacte-le-jeu-du-psg-dans-ce-debut-de-saison-lequipe","status":"publish","type":"post","link":"https:\/\/www.europesays.com\/fr\/1158501\/","title":{"rendered":"Une animation qui manque de profondeur : en quoi le d\u00e9part de Bradley Barcola impacte le jeu du PSG dans ce d\u00e9but de saison &#8211; L&#039;\u00c9quipe"},"content":{"rendered":"<ol>\n<li><a href=\"https:\/\/news.google.com\/rss\/articles\/CBMi9AFBVV95cUxNRHhMUEQ2XzlhVjVseW9CNE9BQTNydkN5RDRNMVVYNEpoNEhHWHlRMFdicWQ3YmNTRnduZWxSMmVjb2diT3VZdnRoRlpCZDFFZ2h5S2xLREl0SVh6djlxNEpDVVpyODhIQzFBbEpLSW5rUm9NbW5mbVlFQkRHYkNLdlpna3F2bU8yM2xvVVhfVnVUcENHM1MyTGFaZ0pxdnRqQkQ5VmZmN29wNzZGOWxfbE4yVkpVQXlJVTlPbU43S0h5VzlFZkRhYjVRMDJjVUZfeUxvSHJWTzgwc1FHM3RjaWhCeHljcEttTFgtTVpGNWlWYkFy?oc=5\" target=\"_blank\" rel=\"nofollow noopener\">Une animation qui manque de profondeur : en quoi le d\u00e9part de Bradley Barcola impacte le jeu du PSG dans ce d\u00e9but de saison<\/a>&nbsp;&nbsp;L&rsquo;\u00c9quipe<\/li>\n<li><a href=\"https:\/\/news.google.com\/rss\/articles\/CBMinAFBVV95cUxQamlCR0lKdzZQVXVrQUlac05tWWI2REtybjdseGdMVmROZHBsVUhJeWg2eThJS3htU2FNbDhJUHBPWl9oeHRfaUkyaXJtc1h0NlNPWWpXaU9TaXdFcFVla0pDNFhjT1RPXzJrcllXeHVObG1aNEZIamZ1b05Xd3FJaFB3U0VKMHVGLUFwSVBlNWRKUERuVlhyaTJ5UTM?oc=5\" target=\"_blank\" rel=\"nofollow noopener\">PSG : Un monstre du Bar\u00e7a arrive pour remplacer Barcola !<\/a>&nbsp;&nbsp;Sport.fr<\/li>\n<li><a href=\"https:\/\/news.google.com\/rss\/articles\/CBMiqwFBVV95cUxNb0xrRndxbmd1UmRhSGN1dkJ3LTZYRkItMzBvY0NFUG1Lbmk1QkhFajV6Wkx5ZnpzRFdxYWlZLUs1Vzg1Y0ZkOS1SNHJOMDR1czJRSHZRUWt4N1BucHp2cFRpa3VheUNTZzdZcXlUV1p6MnBBb2piSkhMaHZoYUNaalFMY0ZralBGZ0ktM3RUVk11ai1iRVNLQ2p1eFBwWVpYMDJVd2NDY2hEN2M?oc=5\" target=\"_blank\" rel=\"nofollow noopener\">Liverpool : la petite d\u00e9claration d\u2019Andoni Iraola sur Barcola<\/a>&nbsp;&nbsp;Foot Mercato<\/li>\n<li><a href=\"https:\/\/news.google.com\/rss\/articles\/CBMi_AJBVV95cUxQazFOVW80emZxWUVFZlFBVUF0Z0NpdDM0V0hSclFNOGFuNFY0RkZhZDY5WXV4a0lZX0VtNEppTG1MZks2MzlXd2lXc0FSNlRlZU9VRkVIMnFLUnM4UEl2VU1rWDlSU2htLVRNYlY3TkZkZGx6MUV1Zm53ekpzYWRXVlo3ZEVlLTRBeXBTNWF4Z0ljbmxlTmRRU3Nyb0R2enhhc1JVbmV6bEJTVW40Mkduem1DUnZ4V1dLTzJ4UmhEY1JNaXo0c0t6aGhkcTNnOWNydTBueDI3dnRYV1pXZEFFQVdTSEZ2RjMtc0sxUUlhN21CWVBQaWg3ZnF4ZlBfYVlvUXN3TDlnUks2Y1EwaHd6eEx4cWFJMS16SjRKaDJBbEF5Z1dsdHlaWWhWeWp5ZFR0eVhNNFJYLU9ZNkZleEF2RHRjUkp4S3ZEaXFLN3BzdXMwcnNfckNSMDBhZG10Z0lnelJhQ0thaTc1czcyU01EaTRtQjNQbFVaMGl5Mg?oc=5\" target=\"_blank\" rel=\"nofollow noopener\">Liverpool paie trop cher pour Bradley Barcola, mais rejoindre Liverpool offre \u00e0 l\u2019ailier fran\u00e7ais supersonique l\u2019occasion de devenir une superstar mondiale : GOAL note les plus gros transferts du mercato estival 2026<\/a>&nbsp;&nbsp;Goal.com<\/li>\n<li><a href=\"https:\/\/news.google.com\/rss\/articles\/CBMiygFBVV95cUxNcjVqOHVNVDhBNFhkdDFPenBsY18zOTM1a2NOQ0pzRHh5Q1ZrSnZpdWg3Z2xSWmE2T21yTUU0endMMWE3UEZWZFFkZHpRVmFxS2F2UzRqcUJtVEpVcmdxbDk3R2E2cHItYTVBank2VUx2VlZIbHhIVkk4cUFudHdiVFI2ak5fLUdWM0p0aVpNdS1LU2lzLXdsZkkzVGpZTjU5TkxwTm5HNG80ZzV0c3ZDWkFoYThzRDcyYjdzTVN3NlFLX0liWTNMVE5R?oc=5\" target=\"_blank\" rel=\"nofollow noopener\">Mercato PSG &#8211; Bradley Barcola est arriv\u00e9 \u00e0 Liverpool, transfert imminent !<\/a>&nbsp;&nbsp;MadeInFOOT<\/li>\n<\/ol>\n","protected":false},"excerpt":{"rendered":"Une animation qui manque de profondeur : en quoi le d\u00e9part de Bradley Barcola impacte le jeu du&hellip;\n","protected":false},"author":2,"featured_media":1158502,"comment_status":"","ping_status":"","sticky":false,"template":"","format":"standard","meta":{"footnotes":"","_share_on_mastodon":"0"},"categories":[2],"tags":[11,117460,5028,63,1011,27,86937,66,1307,117461,12,92,86837,86880,105443],"class_list":["post-1158501","post","type-post","status-publish","format-standard","has-post-thumbnail","category-actualites","tag-actualites","tag-aller-2e-journee","tag-analyses","tag-football","tag-fr","tag-france","tag-jose-barroso","tag-ligue-1","tag-lille","tag-lille-paris-sg","tag-news","tag-paris-sg","tag-payant","tag-provenance-lequipe-quotidien","tag-saison-2026-2027"],"share_on_mastodon":{"url":"https:\/\/pubeurope.com\/@fr\/117188195024419358","error":""},"_links":{"self":[{"href":"https:\/\/www.europesays.com\/fr\/wp-json\/wp\/v2\/posts\/1158501","targetHints":{"allow":["GET"]}}],"collection":[{"href":"https:\/\/www.europesays.com\/fr\/wp-json\/wp\/v2\/posts"}],"about":[{"href":"https:\/\/www.europesays.com\/fr\/wp-json\/wp\/v2\/types\/post"}],"author":[{"embeddable":true,"href":"https:\/\/www.europesays.com\/fr\/wp-json\/wp\/v2\/users\/2"}],"replies":[{"embeddable":true,"href":"https:\/\/www.europesays.com\/fr\/wp-json\/wp\/v2\/comments?post=1158501"}],"version-history":[{"count":0,"href":"https:\/\/www.europesays.com\/fr\/wp-json\/wp\/v2\/posts\/1158501\/revisions"}],"wp:featuredmedia":[{"embeddable":true,"href":"https:\/\/www.europesays.com\/fr\/wp-json\/wp\/v2\/media\/1158502"}],"wp:attachment":[{"href":"https:\/\/www.europesays.com\/fr\/wp-json\/wp\/v2\/media?parent=1158501"}],"wp:term":[{"taxonomy":"category","embeddable":true,"href":"https:\/\/www.europesays.com\/fr\/wp-json\/wp\/v2\/categories?post=1158501"},{"taxonomy":"post_tag","embeddable":true,"href":"https:\/\/www.europesays.com\/fr\/wp-json\/wp\/v2\/tags?post=1158501"}],"curies":[{"name":"wp","href":"https:\/\/api.w.org\/{rel}","templated":true}]}}