{"id":1158507,"date":"2026-08-31T04:21:55","date_gmt":"2026-08-31T04:21:55","guid":{"rendered":"https:\/\/www.europesays.com\/fr\/1158507\/"},"modified":"2026-08-31T04:21:55","modified_gmt":"2026-08-31T04:21:55","slug":"accident-de-personne-trafic-interrompu-entre-nancy-et-luneville","status":"publish","type":"post","link":"https:\/\/www.europesays.com\/fr\/1158507\/","title":{"rendered":"Accident de personne : trafic interrompu entre Nancy et Lun\u00e9ville"},"content":{"rendered":"<p> Un accident survenu \u00e0 Laneuveville-devant-Nancy<\/p>\n<p>La circulation des trains est actuellement interrompue entre Sarrebourg et Nancy \u00e0 la suite d&rsquo;un accident de personne survenu vers 15h entre Varang\u00e9ville et Laneuveville-devant-Nancy. Cet incident entra\u00eene la coupure du trafic ferroviaire sur l&rsquo;axe reliant Nancy \u00e0 Lun\u00e9ville.<\/p>\n<p>Une enqu\u00eate ouverte<\/p>\n<p>Une enqu\u00eate est actuellement en cours pour d\u00e9terminer les circonstances pr\u00e9cises de l&rsquo;accident. Selon nos informations, l&rsquo;hypoth\u00e8se d&rsquo;un suicide serait privil\u00e9gi\u00e9e.\u00a0<\/p>\n<p>Une reprise du trafic esp\u00e9r\u00e9e pour 17h30<\/p>\n<p>Contact\u00e9e par nos soins, la SNCF indique que la reprise de la circulation est actuellement estim\u00e9e \u00e0 17h30. Cet horaire reste toutefois susceptible d&rsquo;\u00e9voluer en fonction du d\u00e9roulement des op\u00e9rations sur place.<\/p>\n<p>Un plan de transport est mis en place pour rediriger le trafic perturb\u00e9 en raison de cet accident de personne.<\/p>\n<p dir=\"ltr\">Des cars de substitution ont \u00e9t\u00e9 mis en place entre Blainville et Nancy, ainsi qu&rsquo;entre Lun\u00e9ville et Nancy. Des taxis ont \u00e9galement \u00e9t\u00e9 r\u00e9quisitionn\u00e9s pour assurer la prise en charge des voyageurs entre Nancy et Remiremont, ainsi qu&rsquo;entre Nancy et Saint-Di\u00e9-des-Vosges.<\/p>\n<p dir=\"ltr\">Pour les personnes ne disposant d&rsquo;aucun moyen de rejoindre leur destination, des nuits d&rsquo;h\u00f4tel ont \u00e9t\u00e9 propos\u00e9es.<\/p>\n<p>Comment s&rsquo;informer en temps r\u00e9el ?<\/p>\n<p>Les voyageurs concern\u00e9s par cette interruption sont invit\u00e9s \u00e0 consulter l&rsquo;application SNCF Connect ou le site internet de la SNCF afin de suivre l&rsquo;\u00e9volution de la situation et conna\u00eetre l&rsquo;\u00e9tat du trafic sur leur ligne.<\/p>\n<p>Plus d&rsquo;informations \u00e0 venir\u2026<\/p>\n","protected":false},"excerpt":{"rendered":"Un accident survenu \u00e0 Laneuveville-devant-Nancy La circulation des trains est actuellement interrompue entre Sarrebourg et Nancy \u00e0 la&hellip;\n","protected":false},"author":2,"featured_media":1158508,"comment_status":"","ping_status":"","sticky":false,"template":"","format":"standard","meta":{"footnotes":"","_share_on_mastodon":"0"},"categories":[9635],"tags":[119,118976,118978,1111,11,1777,674,1011,27,775,3052,10634,3457,1702,12,9834,25,2215,1097,52371,118977],"class_list":["post-1158507","post","type-post","status-publish","format-standard","has-post-thumbnail","category-nancy","tag-accident","tag-accident-de-personne","tag-accident-sncf","tag-actu","tag-actualites","tag-eu","tag-europe","tag-fr","tag-france","tag-grand-est","tag-ligne","tag-luneville","tag-meurthe-et-moselle","tag-nancy","tag-news","tag-reprise","tag-republique-francaise","tag-sncf","tag-trafic","tag-trafic-ferroviaire","tag-trafic-interrompu"],"share_on_mastodon":{"url":"https:\/\/pubeurope.com\/@fr\/117188214318490057","error":""},"_links":{"self":[{"href":"https:\/\/www.europesays.com\/fr\/wp-json\/wp\/v2\/posts\/1158507","targetHints":{"allow":["GET"]}}],"collection":[{"href":"https:\/\/www.europesays.com\/fr\/wp-json\/wp\/v2\/posts"}],"about":[{"href":"https:\/\/www.europesays.com\/fr\/wp-json\/wp\/v2\/types\/post"}],"author":[{"embeddable":true,"href":"https:\/\/www.europesays.com\/fr\/wp-json\/wp\/v2\/users\/2"}],"replies":[{"embeddable":true,"href":"https:\/\/www.europesays.com\/fr\/wp-json\/wp\/v2\/comments?post=1158507"}],"version-history":[{"count":0,"href":"https:\/\/www.europesays.com\/fr\/wp-json\/wp\/v2\/posts\/1158507\/revisions"}],"wp:featuredmedia":[{"embeddable":true,"href":"https:\/\/www.europesays.com\/fr\/wp-json\/wp\/v2\/media\/1158508"}],"wp:attachment":[{"href":"https:\/\/www.europesays.com\/fr\/wp-json\/wp\/v2\/media?parent=1158507"}],"wp:term":[{"taxonomy":"category","embeddable":true,"href":"https:\/\/www.europesays.com\/fr\/wp-json\/wp\/v2\/categories?post=1158507"},{"taxonomy":"post_tag","embeddable":true,"href":"https:\/\/www.europesays.com\/fr\/wp-json\/wp\/v2\/tags?post=1158507"}],"curies":[{"name":"wp","href":"https:\/\/api.w.org\/{rel}","templated":true}]}}