{"id":1158520,"date":"2026-08-31T04:34:15","date_gmt":"2026-08-31T04:34:15","guid":{"rendered":"https:\/\/www.europesays.com\/fr\/1158520\/"},"modified":"2026-08-31T04:34:15","modified_gmt":"2026-08-31T04:34:15","slug":"hockey-grenoble-termine-dernier-du-sudtirol-summer-classic-apres-une-lourde-defaite-face-a-lausanne-5-1","status":"publish","type":"post","link":"https:\/\/www.europesays.com\/fr\/1158520\/","title":{"rendered":"Hockey : Grenoble termine dernier du S\u00fcdtirol Summer Classic apr\u00e8s une lourde d\u00e9faite face \u00e0 Lausanne (5-1)"},"content":{"rendered":"<p itemprop=\"description\"><strong>Les Br\u00fbleurs de loups ont subi un deuxi\u00e8me revers en deux jours en Italie. Battus 5-1 par Lausanne ce dimanche, les Grenoblois terminent \u00e0 la quatri\u00e8me place du S\u00fcdtirol Summer Classic.<\/strong><\/p>\n<p>Le week-end italien s\u2019est achev\u00e9 sur une nouvelle d\u00e9convenue pour Grenoble. Apr\u00e8s la d\u00e9faite 2-0 contre Bolzano samedi, les Br\u00fbleurs de loups ont \u00e9t\u00e9 largement domin\u00e9s par Lausanne lors du match pour la troisi\u00e8me place.<\/p>\n<p>La rencontre a rapidement tourn\u00e9 en faveur des Suisses. Damien Riat a inscrit un doubl\u00e9 d\u00e8s le premier tiers, tandis qu\u2019Aleksi Laakso a marqu\u00e9 contre son camp en inf\u00e9riorit\u00e9 num\u00e9rique.<\/p>\n<p>Men\u00e9 3-0 apr\u00e8s vingt minutes, Grenoble n\u2019a jamais r\u00e9ussi \u00e0 revenir dans la partie.<\/p>\n<p>Un seul but grenoblois en deux matchs<\/p>\n<p>Axel Simic a port\u00e9 le score \u00e0 4-0 dans le deuxi\u00e8me tiers avant que Yannick Zehnder n\u2019ajoute un cinqui\u00e8me but \u00e0 la 47e minute.<\/p>\n<p>Guillaume Leclerc a sauv\u00e9 l\u2019honneur des Br\u00fbleurs de loups en fin de rencontre, \u00e0 la 58e.<\/p>\n<p>Grenoble quitte ainsi le tournoi avec deux d\u00e9faites, sept buts encaiss\u00e9s et un seul marqu\u00e9.<\/p>\n<p>Les Is\u00e9rois poursuivront leur pr\u00e9paration face \u00e0 Anglet le 5 septembre \u00e0 Polesud, puis \u00e0 Brian\u00e7on le 12 septembre, avant le d\u00e9but de la Ligue Magnus contre Angers.<\/p>\n","protected":false},"excerpt":{"rendered":"Les Br\u00fbleurs de loups ont subi un deuxi\u00e8me revers en deux jours en Italie. Battus 5-1 par Lausanne&hellip;\n","protected":false},"author":2,"featured_media":1158521,"comment_status":"","ping_status":"","sticky":false,"template":"","format":"standard","meta":{"footnotes":"","_share_on_mastodon":"0"},"categories":[9566],"tags":[1111,11,2813,2430,1109,251,1112,2811,1777,674,118,1011,27,21780,2731,14004,1922,1110,1114,108,12,316,25,2812,517,800],"class_list":["post-1158520","post","type-post","status-publish","format-standard","has-post-thumbnail","category-grenoble","tag-actu","tag-actualites","tag-article","tag-auvergne-rhone-alpes","tag-breves","tag-culture","tag-depeches","tag-economique","tag-eu","tag-europe","tag-faits-divers","tag-fr","tag-france","tag-gf38","tag-grenoble","tag-grenoblemag","tag-info","tag-informations","tag-infos","tag-isere","tag-news","tag-politique","tag-republique-francaise","tag-sociale","tag-sport","tag-transports"],"share_on_mastodon":{"url":"https:\/\/pubeurope.com\/@fr\/117188261542210270","error":""},"_links":{"self":[{"href":"https:\/\/www.europesays.com\/fr\/wp-json\/wp\/v2\/posts\/1158520","targetHints":{"allow":["GET"]}}],"collection":[{"href":"https:\/\/www.europesays.com\/fr\/wp-json\/wp\/v2\/posts"}],"about":[{"href":"https:\/\/www.europesays.com\/fr\/wp-json\/wp\/v2\/types\/post"}],"author":[{"embeddable":true,"href":"https:\/\/www.europesays.com\/fr\/wp-json\/wp\/v2\/users\/2"}],"replies":[{"embeddable":true,"href":"https:\/\/www.europesays.com\/fr\/wp-json\/wp\/v2\/comments?post=1158520"}],"version-history":[{"count":0,"href":"https:\/\/www.europesays.com\/fr\/wp-json\/wp\/v2\/posts\/1158520\/revisions"}],"wp:featuredmedia":[{"embeddable":true,"href":"https:\/\/www.europesays.com\/fr\/wp-json\/wp\/v2\/media\/1158521"}],"wp:attachment":[{"href":"https:\/\/www.europesays.com\/fr\/wp-json\/wp\/v2\/media?parent=1158520"}],"wp:term":[{"taxonomy":"category","embeddable":true,"href":"https:\/\/www.europesays.com\/fr\/wp-json\/wp\/v2\/categories?post=1158520"},{"taxonomy":"post_tag","embeddable":true,"href":"https:\/\/www.europesays.com\/fr\/wp-json\/wp\/v2\/tags?post=1158520"}],"curies":[{"name":"wp","href":"https:\/\/api.w.org\/{rel}","templated":true}]}}