{"id":1158544,"date":"2026-08-31T04:51:15","date_gmt":"2026-08-31T04:51:15","guid":{"rendered":"https:\/\/www.europesays.com\/fr\/1158544\/"},"modified":"2026-08-31T04:51:15","modified_gmt":"2026-08-31T04:51:15","slug":"sarrebourg-son-equipe-en-ligue-des-champions-face-au-psg-et-lille-laventure-slovaque-de-serge-costa","status":"publish","type":"post","link":"https:\/\/www.europesays.com\/fr\/1158544\/","title":{"rendered":"Sarrebourg. Son \u00e9quipe en Ligue des champions face au PSG et Lille : l\u2019aventure slovaque de Serge Costa"},"content":{"rendered":"<p>L\u2019aventure Ligue des champions va d\u00e9marrer d\u00e8s le 9\u00a0septembre \u00e0 Paris pour Serge Costa. Apr\u00e8s \u00eatre pass\u00e9 par Amiens, Le\u00a0Havre ou encore Li\u00e8ge, il a d\u00e9barqu\u00e9 avec l\u2019entra\u00eeneur de football Yaya Tour\u00e9 en Slovaquie en juin pour tenir le poste d\u2019entra\u00eeneur adjoint du Slovan Bratislava.<\/p>\n<p>Depuis, tout s\u2019est acc\u00e9l\u00e9r\u00e9 au point de voir son club qualifi\u00e9 en phase finale de la Ligue des champions. Pour un Sarrebourgeois qui a d\u00e9but\u00e9 sur les terrains de football de Moselle Sud, c\u2019est une premi\u00e8re d\u2019atteindre le sommet de la pyramide europ\u00e9enne. Depuis le banc, c\u2019est une belle aventure sportive. Sauf qu\u2019au tirage,&#8230;<\/p>\n","protected":false},"excerpt":{"rendered":"L\u2019aventure Ligue des champions va d\u00e9marrer d\u00e8s le 9\u00a0septembre \u00e0 Paris pour Serge Costa. Apr\u00e8s \u00eatre pass\u00e9 par&hellip;\n","protected":false},"author":2,"featured_media":1158545,"comment_status":"","ping_status":"","sticky":false,"template":"","format":"standard","meta":{"footnotes":"","_share_on_mastodon":"0"},"categories":[2815],"tags":[1111,11,5327,1777,674,107,1011,27,811,1307,5599,12,25,5326,74568,104,1631],"class_list":["post-1158544","post","type-post","status-publish","format-standard","has-post-thumbnail","category-lille","tag-actu","tag-actualites","tag-edition-sarrebourg-chateau-salins","tag-eu","tag-europe","tag-fil-info","tag-fr","tag-france","tag-hauts-de-france","tag-lille","tag-moselle","tag-news","tag-republique-francaise","tag-sarrebourg","tag-sarrebourg-ville-57c","tag-societe","tag-vie-associative"],"share_on_mastodon":{"url":"https:\/\/pubeurope.com\/@fr\/117188328631402946","error":""},"_links":{"self":[{"href":"https:\/\/www.europesays.com\/fr\/wp-json\/wp\/v2\/posts\/1158544","targetHints":{"allow":["GET"]}}],"collection":[{"href":"https:\/\/www.europesays.com\/fr\/wp-json\/wp\/v2\/posts"}],"about":[{"href":"https:\/\/www.europesays.com\/fr\/wp-json\/wp\/v2\/types\/post"}],"author":[{"embeddable":true,"href":"https:\/\/www.europesays.com\/fr\/wp-json\/wp\/v2\/users\/2"}],"replies":[{"embeddable":true,"href":"https:\/\/www.europesays.com\/fr\/wp-json\/wp\/v2\/comments?post=1158544"}],"version-history":[{"count":0,"href":"https:\/\/www.europesays.com\/fr\/wp-json\/wp\/v2\/posts\/1158544\/revisions"}],"wp:featuredmedia":[{"embeddable":true,"href":"https:\/\/www.europesays.com\/fr\/wp-json\/wp\/v2\/media\/1158545"}],"wp:attachment":[{"href":"https:\/\/www.europesays.com\/fr\/wp-json\/wp\/v2\/media?parent=1158544"}],"wp:term":[{"taxonomy":"category","embeddable":true,"href":"https:\/\/www.europesays.com\/fr\/wp-json\/wp\/v2\/categories?post=1158544"},{"taxonomy":"post_tag","embeddable":true,"href":"https:\/\/www.europesays.com\/fr\/wp-json\/wp\/v2\/tags?post=1158544"}],"curies":[{"name":"wp","href":"https:\/\/api.w.org\/{rel}","templated":true}]}}