{"id":1158550,"date":"2026-08-31T04:54:17","date_gmt":"2026-08-31T04:54:17","guid":{"rendered":"https:\/\/www.europesays.com\/fr\/1158550\/"},"modified":"2026-08-31T04:54:17","modified_gmt":"2026-08-31T04:54:17","slug":"rentree-scolaire-dans-le-rhone-fo-denonce-plus-de-150-classes-de-moins-dans-le-departement","status":"publish","type":"post","link":"https:\/\/www.europesays.com\/fr\/1158550\/","title":{"rendered":"Rentr\u00e9e scolaire dans le Rh\u00f4ne : FO d\u00e9nonce \u00ab\u00a0plus de 150 classes de moins\u00a0\u00bb dans le d\u00e9partement"},"content":{"rendered":"<p>Le ton est particuli\u00e8rement alarmiste du c\u00f4t\u00e9 du SNUDI-FO \u00e0 l\u2019approche de la rentr\u00e9e scolaire.<\/p>\n<p>Dans un communiqu\u00e9, le syndicat estime que les conditions de rentr\u00e9e dans les \u00e9coles du Rh\u00f4ne seront \u00ab\u00a0inacceptables\u00a0\u00bb et avance un chiffre : \u00ab\u00a0notre d\u00e9partement comportera plus de 150 classes de moins qu\u2019\u00e0 la rentr\u00e9e pr\u00e9c\u00e9dente\u00a0\u00bb.<\/p>\n<p>FO affirme n\u00e9anmoins que plusieurs mobilisations locales de parents, personnels et \u00e9lus ont permis d\u2019\u00e9viter certaines fermetures initialement envisag\u00e9es.<\/p>\n<p>94 suppressions de postes d\u00e9nonc\u00e9es<\/p>\n<p>Le syndicat impute cette situation aux suppressions de postes d\u00e9cid\u00e9es au niveau national. Selon lui, 94 postes seraient supprim\u00e9s cette ann\u00e9e dans les \u00e9coles rhodaniennes, apr\u00e8s 83 lors de la rentr\u00e9e pr\u00e9c\u00e9dente.<\/p>\n<p>\u00ab\u00a0Cette h\u00e9catombe est la cons\u00e9quence des 4 000 suppressions de postes du budget Macron-Lecornu\u00a0\u00bb, accuse le SNUDI-FO.<\/p>\n<p>Le syndicat critique \u00e9galement la cr\u00e9ation de 32 postes li\u00e9s aux p\u00f4les d\u2019appui \u00e0 la scolarit\u00e9, les PAS, qui entra\u00eeneraient selon lui autant de fermetures de classes suppl\u00e9mentaires. Il conteste par ailleurs la philosophie de ces dispositifs, notamment concernant l\u2019accompagnement des \u00e9l\u00e8ves en situation de handicap.<\/p>\n<p>Plus de 1 000 \u00e9l\u00e8ves sans place adapt\u00e9e, selon FO<\/p>\n<p>Le SNUDI-FO affirme que \u00ab\u00a0plus de 1 000 \u00e9l\u00e8ves\u00a0\u00bb du Rh\u00f4ne seraient priv\u00e9s de places dans des \u00e9tablissements sociaux ou m\u00e9dico-sociaux, comme les ITEP ou les IME, ou dans certains dispositifs implant\u00e9s dans les \u00e9coles, notamment les ULIS.<\/p>\n<p>Le syndicat estime \u00e9galement que le nombre d\u2019AESH reste \u00ab\u00a0largement insuffisant\u00a0\u00bb pour r\u00e9pondre aux besoins d\u2019accompagnement.<\/p>\n<p>\u00ab\u00a0Cette rentr\u00e9e scolaire marque une nouvelle d\u00e9gradation des droits des \u00e9l\u00e8ves en situation de handicap\u00a0\u00bb, d\u00e9nonce-t-il.<\/p>\n<p>Les remplacements \u00e9galement dans le viseur<\/p>\n<p>Autre motif d\u2019inqui\u00e9tude : la r\u00e9forme du remplacement.<\/p>\n<p>FO indique que les brigades REP+, qui permettaient de remplacer les enseignants lors de journ\u00e9es de concertation ou de formation, ont \u00e9t\u00e9 supprim\u00e9es. Les rempla\u00e7ants seraient d\u00e9sormais rattach\u00e9s \u00e0 des secteurs g\u00e9ographiques plus vastes.<\/p>\n<p>Le syndicat affirme en outre que nombre d\u2019entre eux sont d\u00e9j\u00e0 affect\u00e9s sur des remplacements \u00e0 l\u2019ann\u00e9e, faisant craindre selon lui \u00ab\u00a0des probl\u00e8mes de remplacement encore plus cons\u00e9quents que les ann\u00e9es pr\u00e9c\u00e9dentes\u00a0\u00bb.<\/p>\n<p>Un pr\u00e9avis de gr\u00e8ve d\u00e9pos\u00e9 pour la rentr\u00e9e<\/p>\n<p>Le SNUDI-FO d\u00e9nonce enfin les difficult\u00e9s informatiques rencontr\u00e9es par les directions d\u2019\u00e9cole \u00e0 quelques jours de la reprise, affirmant que certains dysfonctionnements emp\u00eachent de finaliser normalement les listes de classes et les inscriptions.<\/p>\n<p>Le syndicat appelle les personnels \u00e0 se r\u00e9unir d\u00e8s la rentr\u00e9e pour faire remonter leurs revendications.<\/p>\n<p>La f\u00e9d\u00e9ration FO de l\u2019enseignement a par ailleurs d\u00e9pos\u00e9 un pr\u00e9avis de gr\u00e8ve couvrant la p\u00e9riode de la rentr\u00e9e.<\/p>\n","protected":false},"excerpt":{"rendered":"Le ton est particuli\u00e8rement alarmiste du c\u00f4t\u00e9 du SNUDI-FO \u00e0 l\u2019approche de la rentr\u00e9e scolaire. Dans un communiqu\u00e9,&hellip;\n","protected":false},"author":2,"featured_media":1158551,"comment_status":"","ping_status":"","sticky":false,"template":"","format":"standard","meta":{"footnotes":"","_share_on_mastodon":"0"},"categories":[1889],"tags":[1111,11,2813,2190,2430,1109,251,1112,2811,1777,674,118,1011,27,1922,1110,1114,2428,2810,12,241,316,25,2812,517,800],"class_list":["post-1158550","post","type-post","status-publish","format-standard","has-post-thumbnail","category-lyon","tag-actu","tag-actualites","tag-article","tag-asvel","tag-auvergne-rhone-alpes","tag-breves","tag-culture","tag-depeches","tag-economique","tag-eu","tag-europe","tag-faits-divers","tag-fr","tag-france","tag-info","tag-informations","tag-infos","tag-lyon","tag-lyonmag","tag-news","tag-ol","tag-politique","tag-republique-francaise","tag-sociale","tag-sport","tag-transports"],"share_on_mastodon":{"url":"https:\/\/pubeurope.com\/@fr\/117188340411211828","error":""},"_links":{"self":[{"href":"https:\/\/www.europesays.com\/fr\/wp-json\/wp\/v2\/posts\/1158550","targetHints":{"allow":["GET"]}}],"collection":[{"href":"https:\/\/www.europesays.com\/fr\/wp-json\/wp\/v2\/posts"}],"about":[{"href":"https:\/\/www.europesays.com\/fr\/wp-json\/wp\/v2\/types\/post"}],"author":[{"embeddable":true,"href":"https:\/\/www.europesays.com\/fr\/wp-json\/wp\/v2\/users\/2"}],"replies":[{"embeddable":true,"href":"https:\/\/www.europesays.com\/fr\/wp-json\/wp\/v2\/comments?post=1158550"}],"version-history":[{"count":0,"href":"https:\/\/www.europesays.com\/fr\/wp-json\/wp\/v2\/posts\/1158550\/revisions"}],"wp:featuredmedia":[{"embeddable":true,"href":"https:\/\/www.europesays.com\/fr\/wp-json\/wp\/v2\/media\/1158551"}],"wp:attachment":[{"href":"https:\/\/www.europesays.com\/fr\/wp-json\/wp\/v2\/media?parent=1158550"}],"wp:term":[{"taxonomy":"category","embeddable":true,"href":"https:\/\/www.europesays.com\/fr\/wp-json\/wp\/v2\/categories?post=1158550"},{"taxonomy":"post_tag","embeddable":true,"href":"https:\/\/www.europesays.com\/fr\/wp-json\/wp\/v2\/tags?post=1158550"}],"curies":[{"name":"wp","href":"https:\/\/api.w.org\/{rel}","templated":true}]}}