{"id":1158552,"date":"2026-08-31T04:55:14","date_gmt":"2026-08-31T04:55:14","guid":{"rendered":"https:\/\/www.europesays.com\/fr\/1158552\/"},"modified":"2026-08-31T04:55:14","modified_gmt":"2026-08-31T04:55:14","slug":"lyon-le-parc-de-la-tete-dor-ferme-ce-lundi-31-aout","status":"publish","type":"post","link":"https:\/\/www.europesays.com\/fr\/1158552\/","title":{"rendered":"Lyon : le parc de la T\u00eate d&rsquo;Or ferm\u00e9 ce lundi 31 ao\u00fbt\u00a0"},"content":{"rendered":"<p>Pas de pique-nique au parc de la T\u00eate d&rsquo;Or ce lundi 31 ao\u00fbt. Il restera ferm\u00e9 toute la journ\u00e9e, pour permettre aux agents de le remettre en \u00e9tat apr\u00e8s les orages.<\/p>\n<p><a class=\"url\" href=\"https:\/\/www.radioscoop.com\/infos\/videos-pluies-diluviennes-vent-violent-avis-de-tempete-sur-lyon_362519\" target=\"_blank\" rel=\"nofollow noopener\">La temp\u00eate<\/a> qui a frapp\u00e9 la M\u00e9tropole de Lyon vendredi 28 ao\u00fbt a fait pas mal de d\u00e9g\u00e2ts au <b>parc de la T\u00eate d&rsquo;Or<\/b>. De nombreux arbres ont \u00e9t\u00e9 endommag\u00e9s et des branches menacent encore de tomber.\u00a0<\/p>\n<p>Les autres parcs sont ouverts<\/p>\n<p>Pour permettre aux agents de nettoyer et de s\u00e9curiser les lieux, <b>le parc restera ferm\u00e9 toute la journ\u00e9e<\/b> ce lundi. <\/p>\n<p>Tous les autres parcs de la ville sont accessibles.<\/p>\n<p>Un point sera fait en fin de journ\u00e9e pour envisager une date de r\u00e9ouverture du parc de la T\u00eate d&rsquo;Or.<\/p>\n<p><\/p>\n","protected":false},"excerpt":{"rendered":"Pas de pique-nique au parc de la T\u00eate d&rsquo;Or ce lundi 31 ao\u00fbt. Il restera ferm\u00e9 toute la&hellip;\n","protected":false},"author":2,"featured_media":1095001,"comment_status":"","ping_status":"","sticky":false,"template":"","format":"standard","meta":{"footnotes":"","_share_on_mastodon":"0"},"categories":[1889],"tags":[1111,11,3570,2430,1777,674,86312,13407,1011,27,2428,12,153,25,69129,61750],"class_list":["post-1158552","post","type-post","status-publish","format-standard","has-post-thumbnail","category-lyon","tag-actu","tag-actualites","tag-arbres","tag-auvergne-rhone-alpes","tag-eu","tag-europe","tag-ferm","tag-fermeture","tag-fr","tag-france","tag-lyon","tag-news","tag-parc","tag-republique-francaise","tag-tte-dor","tag-tempte"],"share_on_mastodon":{"url":"https:\/\/pubeurope.com\/@fr\/117188344472319719","error":""},"_links":{"self":[{"href":"https:\/\/www.europesays.com\/fr\/wp-json\/wp\/v2\/posts\/1158552","targetHints":{"allow":["GET"]}}],"collection":[{"href":"https:\/\/www.europesays.com\/fr\/wp-json\/wp\/v2\/posts"}],"about":[{"href":"https:\/\/www.europesays.com\/fr\/wp-json\/wp\/v2\/types\/post"}],"author":[{"embeddable":true,"href":"https:\/\/www.europesays.com\/fr\/wp-json\/wp\/v2\/users\/2"}],"replies":[{"embeddable":true,"href":"https:\/\/www.europesays.com\/fr\/wp-json\/wp\/v2\/comments?post=1158552"}],"version-history":[{"count":0,"href":"https:\/\/www.europesays.com\/fr\/wp-json\/wp\/v2\/posts\/1158552\/revisions"}],"wp:featuredmedia":[{"embeddable":true,"href":"https:\/\/www.europesays.com\/fr\/wp-json\/wp\/v2\/media\/1095001"}],"wp:attachment":[{"href":"https:\/\/www.europesays.com\/fr\/wp-json\/wp\/v2\/media?parent=1158552"}],"wp:term":[{"taxonomy":"category","embeddable":true,"href":"https:\/\/www.europesays.com\/fr\/wp-json\/wp\/v2\/categories?post=1158552"},{"taxonomy":"post_tag","embeddable":true,"href":"https:\/\/www.europesays.com\/fr\/wp-json\/wp\/v2\/tags?post=1158552"}],"curies":[{"name":"wp","href":"https:\/\/api.w.org\/{rel}","templated":true}]}}