{"id":1158553,"date":"2026-08-31T04:56:11","date_gmt":"2026-08-31T04:56:11","guid":{"rendered":"https:\/\/www.europesays.com\/fr\/1158553\/"},"modified":"2026-08-31T04:56:11","modified_gmt":"2026-08-31T04:56:11","slug":"rer-c-trafic-interrompu-sur-une-partie-de-la-ligne-apres-un-accident-grave-de-personne","status":"publish","type":"post","link":"https:\/\/www.europesays.com\/fr\/1158553\/","title":{"rendered":"RER C : trafic interrompu sur une partie de la ligne apr\u00e8s un accident grave de personne"},"content":{"rendered":"<p>                    Par<br \/>\n        <strong><br \/>\n            <a href=\"https:\/\/actu.fr\/auteur\/thomas-martin\" title=\"Consulter tous les articles de Thomas Martin\" rel=\"nofollow noopener\" target=\"_blank\">Thomas Martin<\/a><br \/>\n                    <\/strong><\/p>\n<p>        Publi\u00e9 le<\/p>\n<p>            31 ao\u00fbt 2026 \u00e0 6h48        <\/p>\n<p>D\u00e9but de semaine compliqu\u00e9 pour une partie des voyageurs du <a href=\"https:\/\/actu.fr\/tag\/rer-c\" rel=\"nofollow noopener\" target=\"_blank\">RER C<\/a>. La circulation est fortement perturb\u00e9e ce lundi 31 ao\u00fbt 2026 en raison d\u2019un <a href=\"https:\/\/actu.fr\/tag\/accident-grave-de-voyageur\" rel=\"nofollow noopener\" target=\"_blank\">accident grave de personne<\/a> survenu en gare de Vitry-sur-Seine (Val-de-Marne), indique le site <a href=\"https:\/\/actu.fr\/tag\/transilien\" rel=\"nofollow noopener\" target=\"_blank\">Transilien<\/a> dans son point trafic actualis\u00e9 \u00e0 6h35.<\/p>\n<p>Deux axes interrompus jusqu\u2019\u00e0 8 heures<\/p>\n<p class=\" wall-content\">Cons\u00e9quence de cet accident, aucun train ne circule entre Juvisy et Invalides, dans les deux sens. La circulation est \u00e9galement interrompue entre Massy-Palaiseau et Invalides, l\u00e0 encore dans les deux directions.<\/p>\n<p class=\" wall-content\">\u00c0 6h35, la SNCF estimait la reprise des circulations \u00e0 8 heures. Le trafic est par ailleurs annonc\u00e9 perturb\u00e9 sur le reste de la ligne.<\/p>\n<p class=\" wall-content\">Les voyageurs sont invit\u00e9s \u00e0 v\u00e9rifier leur trajet avant leur d\u00e9part et \u00e0 rechercher un itin\u00e9raire alternatif tenant compte de l\u2019interruption.<\/p>\n<p class=\" wall-content\">\n<p>Une nouvelle perturbation apr\u00e8s les importants incidents de jeudi<\/p>\n<p class=\" wall-content\">Cette interruption intervient seulement quelques jours apr\u00e8s une soir\u00e9e particuli\u00e8rement difficile sur le RER C. Jeudi 27 ao\u00fbt, les violents orages qui avaient travers\u00e9 l\u2019\u00cele-de-France avaient provoqu\u00e9 la chute successive de six arbres sur les voies \u00e0 Vitry-sur-Seine. La circulation avait alors d\u00fb \u00eatre interrompue entre Paris-Austerlitz et Juvisy ainsi qu\u2019entre Paris-Austerlitz et Massy-Palaiseau.<\/p>\n<p class=\" wall-content\">La ligne sort \u00e9galement d\u2019un \u00e9t\u00e9 marqu\u00e9 par d\u2019importants travaux de modernisation. SNCF R\u00e9seau a notamment engag\u00e9 le renouvellement de plusieurs kilom\u00e8tres de voies et des interventions sur les cat\u00e9naires, ainsi que l\u2019installation d\u2019un dispositif de protection contre les inondations dans le tunnel des Invalides.<\/p>\n<p class=\" wall-content\">Personnalisez votre actualit\u00e9 en ajoutant vos villes et m\u00e9dias en favori avec <a href=\"https:\/\/moncompte.actu.fr\" title=\"D\u00e9couvez Mon Actu\" rel=\"nofollow noopener\" data-trk=\"{&quot;cta&quot;:{&quot;action&quot;:&quot;https:\\\/\\\/moncompte.actu.fr&quot;,&quot;category&quot;:&quot;mon compte&quot;,&quot;from&quot;:&quot;article footer&quot;,&quot;name&quot;:&quot;Mon actu&quot;,&quot;type&quot;:&quot;cta&quot;}}\" target=\"_blank\">Mon Actu<\/a>.<\/p>\n","protected":false},"excerpt":{"rendered":"Par Thomas Martin Publi\u00e9 le 31 ao\u00fbt 2026 \u00e0 6h48 D\u00e9but de semaine compliqu\u00e9 pour une partie des&hellip;\n","protected":false},"author":2,"featured_media":1158554,"comment_status":"","ping_status":"","sticky":false,"template":"","format":"standard","meta":{"footnotes":"","_share_on_mastodon":"0"},"categories":[1592],"tags":[7757,1111,11,1777,674,118,1011,27,662,12,626,25,6561,12443],"class_list":["post-1158553","post","type-post","status-publish","format-standard","has-post-thumbnail","category-ile-de-france","tag-accident-grave-de-voyageur","tag-actu","tag-actualites","tag-eu","tag-europe","tag-faits-divers","tag-fr","tag-france","tag-ile-de-france","tag-news","tag-paris","tag-republique-francaise","tag-rer-c","tag-transilien"],"share_on_mastodon":{"url":"https:\/\/pubeurope.com\/@fr\/117188348133519848","error":""},"_links":{"self":[{"href":"https:\/\/www.europesays.com\/fr\/wp-json\/wp\/v2\/posts\/1158553","targetHints":{"allow":["GET"]}}],"collection":[{"href":"https:\/\/www.europesays.com\/fr\/wp-json\/wp\/v2\/posts"}],"about":[{"href":"https:\/\/www.europesays.com\/fr\/wp-json\/wp\/v2\/types\/post"}],"author":[{"embeddable":true,"href":"https:\/\/www.europesays.com\/fr\/wp-json\/wp\/v2\/users\/2"}],"replies":[{"embeddable":true,"href":"https:\/\/www.europesays.com\/fr\/wp-json\/wp\/v2\/comments?post=1158553"}],"version-history":[{"count":0,"href":"https:\/\/www.europesays.com\/fr\/wp-json\/wp\/v2\/posts\/1158553\/revisions"}],"wp:featuredmedia":[{"embeddable":true,"href":"https:\/\/www.europesays.com\/fr\/wp-json\/wp\/v2\/media\/1158554"}],"wp:attachment":[{"href":"https:\/\/www.europesays.com\/fr\/wp-json\/wp\/v2\/media?parent=1158553"}],"wp:term":[{"taxonomy":"category","embeddable":true,"href":"https:\/\/www.europesays.com\/fr\/wp-json\/wp\/v2\/categories?post=1158553"},{"taxonomy":"post_tag","embeddable":true,"href":"https:\/\/www.europesays.com\/fr\/wp-json\/wp\/v2\/tags?post=1158553"}],"curies":[{"name":"wp","href":"https:\/\/api.w.org\/{rel}","templated":true}]}}