{"id":1158563,"date":"2026-08-31T05:03:16","date_gmt":"2026-08-31T05:03:16","guid":{"rendered":"https:\/\/www.europesays.com\/fr\/1158563\/"},"modified":"2026-08-31T05:03:16","modified_gmt":"2026-08-31T05:03:16","slug":"en-direct-guerre-en-ukraine-macron-attendu-en-suede-sur-fond-de-menace-russe-croissante-en-europe","status":"publish","type":"post","link":"https:\/\/www.europesays.com\/fr\/1158563\/","title":{"rendered":"EN DIRECT Guerre en Ukraine\u00a0: Macron attendu en Su\u00e8de sur fond de menace russe croissante en Europe\u2026"},"content":{"rendered":"<p>Macron attendu \u00e0 Stockholm pour un gros contrat de fr\u00e9gates<\/p>\n<p>Emmanuel Macron et le Premier ministre su\u00e9dois Ulf Kristersson vont graver dans le marbre ce lundi \u00e0 Stockholm une commande de fr\u00e9gates fran\u00e7aises par la Su\u00e8de pour 4,3\u00a0milliards d\u2019euros, qui consacre la coop\u00e9ration militaro-industrielle entre les deux pays, sur fond de menace russe croissante en Europe.<\/p>\n<p>Cette visite marque une \u00ab\u00a0nouvelle \u00e9tape\u00a0\u00bb dans la coop\u00e9ration bilat\u00e9rale qui va contribuer \u00e0 renforcer la \u00ab\u00a0d\u00e9fense europ\u00e9enne comme de l\u2019Otan\u00a0\u00bb, ont relev\u00e9 l\u2019Elys\u00e9e ainsi que les services du Premier ministre, en ligne avec un agenda de \u00ab\u00a0souverainet\u00e9 europ\u00e9enne\u00a0\u00bb cher au pr\u00e9sident fran\u00e7ais.<\/p>\n<p>La Su\u00e8de a annonc\u00e9 en mai l\u2019achat de quatre fr\u00e9gates de d\u00e9fense et d\u2019intervention (FDI) \u00e0 l\u2019entreprise fran\u00e7aise Naval Group, dont le premier exemplaire sera livr\u00e9 en\u00a02030, dans le cadre de son effort de r\u00e9armement depuis le d\u00e9but de la guerre en Ukraine et son adh\u00e9sion \u00e0 l\u2019Otan. Pour acter ce tournant, les deux dirigeants assisteront \u00e0 16h30 \u00e0 la signature du contrat officialisant l\u2019acquisition \u00e0 bord de la toute nouvelle fr\u00e9gate fran\u00e7aise de m\u00eame classe Amiral Ronarc\u2019h.<\/p>\n<p>La Russie dit pr\u00e9parer des \u00ab\u00a0frappes massives\u00a0\u00bb contre le \u00ab\u00a0secteur \u00e9nerg\u00e9tique\u00a0\u00bb de l\u2019Ukraine<\/p>\n<p>La Russie a annonc\u00e9 dimanche pr\u00e9parer des \u00ab\u00a0frappes massives\u00a0\u00bb contre des \u00ab\u00a0installations du secteur \u00e9nerg\u00e9tique\u00a0\u00bb de l\u2019Ukraine, dans un contexte de nette intensification des attaques depuis plusieurs mois.<\/p>\n<p>\u00ab\u00a0Les forces arm\u00e9es russes ont entam\u00e9 la pr\u00e9paration de frappes massives contre les installations du secteur \u00e9nerg\u00e9tique de l\u2019Ukraine en r\u00e9ponse aux attaques continues du r\u00e9gime de Kiev contre les infrastructures civiles et le complexe p\u00e9trolier et \u00e9nerg\u00e9tique de la Russie\u00a0\u00bb, a indiqu\u00e9 le minist\u00e8re russe de la D\u00e9fense sur Telegram.<\/p>\n<p>Bienvenue dans ce nouveau Live<\/p>\n<p>Bonjour \u00e0 toutes et \u00e0 tous. Comme chaque jour, la r\u00e9daction de 20 Minutes est mobilis\u00e9e pour vous donner l\u2019ensemble des informations sur le conflit entre Kiev et Moscou.<\/p>\n<p>La Russie et l\u2019Ukraine sont engag\u00e9es depuis plusieurs mois dans une escalade des frappes \u00e0 longue port\u00e9e, qui visent un nombre croissant d\u2019infrastructures civiles, tels que des entrep\u00f4ts, des commerces, des sites p\u00e9troliers et portuaires et des navires. Ces attaques font r\u00e9guli\u00e8rement des victimes civiles.<\/p>\n","protected":false},"excerpt":{"rendered":"Macron attendu \u00e0 Stockholm pour un gros contrat de fr\u00e9gates Emmanuel Macron et le Premier ministre su\u00e9dois Ulf&hellip;\n","protected":false},"author":2,"featured_media":1158564,"comment_status":"","ping_status":"","sticky":false,"template":"","format":"standard","meta":{"footnotes":"","_share_on_mastodon":"0"},"categories":[1591],"tags":[47,11,1887,131,74,12,136,1885,1886,132,555,133,135,134],"class_list":["post-1158563","post","type-post","status-publish","format-standard","has-post-thumbnail","category-russie","tag-actualite","tag-actualites","tag-federation-de-russie","tag-guerre-en-ukraine","tag-monde","tag-news","tag-otan","tag-russia","tag-russian-federation","tag-russie","tag-union-europeenne-ue","tag-video","tag-vladimir-poutine","tag-volodymyr-zelensky"],"share_on_mastodon":{"url":"https:\/\/pubeurope.com\/@fr\/117188375897943910","error":""},"_links":{"self":[{"href":"https:\/\/www.europesays.com\/fr\/wp-json\/wp\/v2\/posts\/1158563","targetHints":{"allow":["GET"]}}],"collection":[{"href":"https:\/\/www.europesays.com\/fr\/wp-json\/wp\/v2\/posts"}],"about":[{"href":"https:\/\/www.europesays.com\/fr\/wp-json\/wp\/v2\/types\/post"}],"author":[{"embeddable":true,"href":"https:\/\/www.europesays.com\/fr\/wp-json\/wp\/v2\/users\/2"}],"replies":[{"embeddable":true,"href":"https:\/\/www.europesays.com\/fr\/wp-json\/wp\/v2\/comments?post=1158563"}],"version-history":[{"count":0,"href":"https:\/\/www.europesays.com\/fr\/wp-json\/wp\/v2\/posts\/1158563\/revisions"}],"wp:featuredmedia":[{"embeddable":true,"href":"https:\/\/www.europesays.com\/fr\/wp-json\/wp\/v2\/media\/1158564"}],"wp:attachment":[{"href":"https:\/\/www.europesays.com\/fr\/wp-json\/wp\/v2\/media?parent=1158563"}],"wp:term":[{"taxonomy":"category","embeddable":true,"href":"https:\/\/www.europesays.com\/fr\/wp-json\/wp\/v2\/categories?post=1158563"},{"taxonomy":"post_tag","embeddable":true,"href":"https:\/\/www.europesays.com\/fr\/wp-json\/wp\/v2\/tags?post=1158563"}],"curies":[{"name":"wp","href":"https:\/\/api.w.org\/{rel}","templated":true}]}}