{"id":1158565,"date":"2026-08-31T05:04:20","date_gmt":"2026-08-31T05:04:20","guid":{"rendered":"https:\/\/www.europesays.com\/fr\/1158565\/"},"modified":"2026-08-31T05:04:20","modified_gmt":"2026-08-31T05:04:20","slug":"au-musee-ukrainien-de-la-corruption-une-autruche-et-john-lennon","status":"publish","type":"post","link":"https:\/\/www.europesays.com\/fr\/1158565\/","title":{"rendered":"Au mus\u00e9e ukrainien de la\u00a0corruption, une\u00a0autruche et John Lennon"},"content":{"rendered":"<p>Tour \u00e0 tour, j\u2019ai vu passer\u00a0: de jeunes m\u00e8res d\u00e9bord\u00e9es d\u2019enfants et de poussettes, des soldats en permission \u2013\u00a0certains amput\u00e9s\u00a0\u2013 venus oublier les atrocit\u00e9s du front avec leurs compagnes, trois nonnes joyeuses, l\u2019\u0153il frisant derri\u00e8re leurs lunettes de soleil semi-opaques, et des colonnes d\u2019adolescents punko\u00efdes, mi-blas\u00e9s mi-amus\u00e9s par les explications monocordes de la conf\u00e9renci\u00e8re. Patiemment, elle d\u00e9taille, \u00e0 la d\u00e9cimale pr\u00e8s, le co\u00fbt des robinets en or, des porcelaines de Chine, du piano Steinway portant la signature de John Lennon, des vitraux, de la marqueterie, du marbre, des tissus pr\u00e9cieux et des tableaux qui ornent les pi\u00e8ces de Mejgori\u00e9, le palais de l\u2019ancien pr\u00e9sident ukrainien Viktor Ianoukovitch, aujourd\u2019hui transform\u00e9 en \u00ab\u00a0mus\u00e9e de la corruption\u00a0\u00bb. Rien que pour le lit, il faut compter 30\u00a0000\u00a0dollars, dit-elle, tandis qu\u2019un couple goguenard se filme en train de pincer les seins d\u2019une petite statue de bronze.<\/p>\n<p>Surplombant les rives du Dniepr \u00e0 l\u2019or\u00e9e de Novi Petrivtsi, un petit village \u00e0 20\u00a0km au nord du centre-ville de Kyiv, cette relique du pass\u00e9 continue d\u2019attirer, jour apr\u00e8s jour, des files d\u2019Ukrainiens en qu\u00eate de verdure et de preuves tangibles que la r\u00e9sistance peut \u00eatre victorieuse.<\/p>\n<p>Pluie de\u00a0missiles<\/p>\n<p>Les derniers jours ont \u00e9t\u00e9 rudes en ce printemps\u00a02026\u00a0: apr\u00e8s une tr\u00eave \u00e9clair pour pouvoir tranquillement c\u00e9l\u00e9brer le 9-Mai sur la place Rouge, Vladimir Poutine a recommenc\u00e9 \u00e0 pilonner la capitale ukrainienne. Les nuits sont stri\u00e9es de sir\u00e8nes, les missiles plongent sur les HLM, les pompiers accourent pour \u00e9teindre les incendies avant d\u2019extraire les corps \u00e9clat\u00e9s agonisant sous les d\u00e9combres. M\u00eame entre la piscine de Mejgori\u00e9 et la pagode japonaise de son jardin zen, des \u00e9criteaux criards tracent une voie vers le bunker le plus proche. D\u00e9but\u00a02025, une frappe de drone a fait flamber une partie des voitures de luxe parqu\u00e9es dans l\u2019enceinte du domaine.<\/p>\n<p>            <img decoding=\"async\" class=\"cover full\" src=\"https:\/\/www.europesays.com\/fr\/wp-content\/uploads\/2026\/08\/00-ukraine-azov-5-sashko-435x435.jpg\" alt=\"un soldat dans une tranch\u00e9e en Ukraine\" loading=\"lazy\"\/><\/p>\n<p>Juillet 2026<\/p>\n<p>        <a href=\"https:\/\/revue21.fr\/article\/ukraine-face-generation-azov\/\" class=\"title link-extend title-6\" rel=\"nofollow noopener\" target=\"_blank\"><br \/>\n                        L\u2019Ukraine face \u00e0 la\u00a0g\u00e9n\u00e9ration Azov<br \/>\n        <\/a><\/p>\n<p>Le sulfureux noyau paramilitaire a\u00a0enfant\u00e9 des unit\u00e9s d\u2019\u00e9lite \u00e0\u00a0l\u2019image combattante et cool. Dont les\u00a0id\u00e9es droiti\u00e8res percolent dans toute la\u00a0soci\u00e9t\u00e9.<\/p>\n<p>Sur l\u2019\u00e9cran du home cin\u00e9ma, juste \u00e0 c\u00f4t\u00e9 d\u2019un couloir ponctu\u00e9 d\u2019armures m\u00e9di\u00e9vales \u2013\u00a0et d\u2019une table en bois o\u00f9 tr\u00f4ne une immense peau de ca\u00efman\u00a0\u2013, la conf\u00e9renci\u00e8re fait d\u00e9filer des images du soul\u00e8vement d\u2019Euroma\u00efdan et des premiers manifestants \u00e0 \u00eatre entr\u00e9s dans le palais, en f\u00e9vrier\u00a02014, apr\u00e8s la fuite de Viktor Ianoukovitch vers le Kremlin. Ils d\u00e9ambulaient, sages et sid\u00e9r\u00e9s, dans ce labyrinthe d\u2019opulence et d\u2019exc\u00e8s. Des journalistes avaient fini par d\u00e9barquer et exhumer du lac et des caves des batteries de documents retra\u00e7ant d\u2019interminables sch\u00e9mas de malversations, de pots-de-vin et d\u2019escroqueries qui privaient le peuple de son propre argent. Avec le d\u00e9but de la guerre dans le Donbass, quelques mois plus tard, Mejgori\u00e9 s\u2019\u00e9tait transform\u00e9 en centre d\u2019accueil pour r\u00e9fugi\u00e9s, puis en base arri\u00e8re du bataillon militaire Sitch\u00a014, proche du parti d\u2019extr\u00eame droite Svoboda.<\/p>\n<p>Accroupi devant les grilles du zoo personnel de Ianoukovitch, un homme robuste, la barbe longue, tente d\u2019attirer l\u2019attention d\u2019une autruche ahurie. Il porte justement un t-shirt de la brigade Azov, qui avait fini par agr\u00e9ger les combattants ultranationalistes, et dont les leaders fustigeaient la corruption, cheval de Troie de l\u2019ing\u00e9rence russe dans le pays. Il passe devant moi, la main dans celle de son amie, et je me demande s\u2019ils discutent du dernier scandale en date. <\/p>\n<p>Quelques jours plus t\u00f4t, l\u2019ancien chef de cabinet du pr\u00e9sident Volodymyr Zelenski, Andriy Yermak, a \u00e9t\u00e9 mis en cause dans une tentaculaire affaire de blanchiment d\u2019argent. \u00c0 quoi devaient servir les fonds d\u00e9tourn\u00e9s\u00a0? \u00c0 un projet immobilier de luxe dans les alentours de la capitale.<img decoding=\"async\" src=\"https:\/\/www.europesays.com\/fr\/wp-content\/uploads\/2026\/08\/monogramme.png\" alt=\"\" class=\"logo-signature\"\/><\/p>\n","protected":false},"excerpt":{"rendered":"Tour \u00e0 tour, j\u2019ai vu passer\u00a0: de jeunes m\u00e8res d\u00e9bord\u00e9es d\u2019enfants et de poussettes, des soldats en permission&hellip;\n","protected":false},"author":2,"featured_media":1158566,"comment_status":"","ping_status":"","sticky":false,"template":"","format":"standard","meta":{"footnotes":"","_share_on_mastodon":"0"},"categories":[1590],"tags":[11,1770,251,1777,674,12,220],"class_list":["post-1158565","post","type-post","status-publish","format-standard","has-post-thumbnail","category-ukraine","tag-actualites","tag-corruption","tag-culture","tag-eu","tag-europe","tag-news","tag-ukraine"],"share_on_mastodon":{"url":"https:\/\/pubeurope.com\/@fr\/117188379778818209","error":""},"_links":{"self":[{"href":"https:\/\/www.europesays.com\/fr\/wp-json\/wp\/v2\/posts\/1158565","targetHints":{"allow":["GET"]}}],"collection":[{"href":"https:\/\/www.europesays.com\/fr\/wp-json\/wp\/v2\/posts"}],"about":[{"href":"https:\/\/www.europesays.com\/fr\/wp-json\/wp\/v2\/types\/post"}],"author":[{"embeddable":true,"href":"https:\/\/www.europesays.com\/fr\/wp-json\/wp\/v2\/users\/2"}],"replies":[{"embeddable":true,"href":"https:\/\/www.europesays.com\/fr\/wp-json\/wp\/v2\/comments?post=1158565"}],"version-history":[{"count":0,"href":"https:\/\/www.europesays.com\/fr\/wp-json\/wp\/v2\/posts\/1158565\/revisions"}],"wp:featuredmedia":[{"embeddable":true,"href":"https:\/\/www.europesays.com\/fr\/wp-json\/wp\/v2\/media\/1158566"}],"wp:attachment":[{"href":"https:\/\/www.europesays.com\/fr\/wp-json\/wp\/v2\/media?parent=1158565"}],"wp:term":[{"taxonomy":"category","embeddable":true,"href":"https:\/\/www.europesays.com\/fr\/wp-json\/wp\/v2\/categories?post=1158565"},{"taxonomy":"post_tag","embeddable":true,"href":"https:\/\/www.europesays.com\/fr\/wp-json\/wp\/v2\/tags?post=1158565"}],"curies":[{"name":"wp","href":"https:\/\/api.w.org\/{rel}","templated":true}]}}