{"id":1158577,"date":"2026-08-31T05:11:37","date_gmt":"2026-08-31T05:11:37","guid":{"rendered":"https:\/\/www.europesays.com\/fr\/1158577\/"},"modified":"2026-08-31T05:11:37","modified_gmt":"2026-08-31T05:11:37","slug":"etats-unis-crue-soudaine-personnes-disparues-fortes-inquietudes-au-grand-canyon","status":"publish","type":"post","link":"https:\/\/www.europesays.com\/fr\/1158577\/","title":{"rendered":"Etats-Unis\u00a0: Crue soudaine, personnes disparues\u2026 Fortes inqui\u00e9tudes au Grand Canyon"},"content":{"rendered":"<p>Les cons\u00e9quences d\u2019une <a href=\"https:\/\/www.20minutes.fr\/dossier\/catastrophe-naturelle\" target=\"_blank\" class=\"c-link c-link--is-underlined\" rel=\"nofollow noopener\">catastrophe naturelle<\/a> inqui\u00e8tent dans l\u2019ouest des <a href=\"https:\/\/www.20minutes.fr\/monde\/etats-unis\/\" target=\"_blank\" class=\"c-link c-link--is-underlined\" rel=\"nofollow noopener\">Etats-Unis<\/a>. Une quinzaine de personnes sont recherch\u00e9es apr\u00e8s la survenue samedi d\u2019une crue soudaine dans le c\u00e9l\u00e8bre parc du Grand Canyon.<\/p>\n<p>Le Service des parcs nationaux am\u00e9ricains (NPS) \u00ab\u00a0demande au public de fournir des informations concernant une quinzaine de personnes qui pourraient \u00eatre port\u00e9es disparues ou dont on est sans nouvelles \u00e0 la suite d\u2019une crue subite importante\u00a0\u00bb, indique dimanche soir le parc sur son site.<\/p>\n<p>Une crue dans le Bright Angel Canyon<\/p>\n<p>Cet \u00e9pisode s\u2019est produit \u00e0 partir d\u2019environ 14h30 samedi, avaient indiqu\u00e9 dans un pr\u00e9c\u00e9dent message les autorit\u00e9s du parc situ\u00e9 dans l\u2019Arizona. Cette crue soudaine a frapp\u00e9 le Bright Angel Canyon et le secteur du Phantom Ranch, un h\u00f4tel situ\u00e9 dans le bas du canyon, \u00e0 proximit\u00e9 du fleuve Colorado.<\/p>\n<\/p>\n<p>Le ph\u00e9nom\u00e8ne \u00ab\u00a0a entra\u00een\u00e9 des impacts importants sur les infrastructures dans tout le Bright Angel Canyon. Presque toutes les passerelles pi\u00e9tonnes franchissant le Bright Angel Creek ont \u00e9t\u00e9 d\u00e9truites, supprimant l\u2019acc\u00e8s des randonneurs d\u2019un c\u00f4t\u00e9 \u00e0 l\u2019autre du cours d\u2019eau\u00a0\u00bb, a fait savoir le parc.<\/p>\n<p><a href=\"https:\/\/www.20minutes.fr\/monde\/etats-unis\/\" target=\"_blank\" class=\"c-link c-btn c-btn--primary\" rel=\"nofollow noopener\">Nos articles sur les Etats-Unis<\/a><\/p>\n<p>Les agents du parc travaillaient dimanche de concert avec les autorit\u00e9s de l\u2019Arizona pour \u00e9vacuer les personnes pi\u00e9g\u00e9es dans le canyon et localiser d\u2019\u00e9ventuels disparus. \u00ab\u00a0D\u2019autres orages et de fortes pr\u00e9cipitations sont possibles aujourd\u2019hui et lundi, ce qui pourrait provoquer de nouvelles crues soudaines\u00a0\u00bb, a en outre averti le NPS.<\/p>\n","protected":false},"excerpt":{"rendered":"Les cons\u00e9quences d\u2019une catastrophe naturelle inqui\u00e8tent dans l\u2019ouest des Etats-Unis. Une quinzaine de personnes sont recherch\u00e9es apr\u00e8s la&hellip;\n","protected":false},"author":2,"featured_media":1158578,"comment_status":"","ping_status":"","sticky":false,"template":"","format":"standard","meta":{"footnotes":"","_share_on_mastodon":"0"},"categories":[2],"tags":[47,11,38500,4732,11295,73,1011,27,74,12,25,133],"class_list":["post-1158577","post","type-post","status-publish","format-standard","has-post-thumbnail","category-actualites","tag-actualite","tag-actualites","tag-arizona","tag-catastrophe-naturelle","tag-crue","tag-etats-unis","tag-fr","tag-france","tag-monde","tag-news","tag-republique-francaise","tag-video"],"share_on_mastodon":{"url":"https:\/\/pubeurope.com\/@fr\/117188407234727765","error":""},"_links":{"self":[{"href":"https:\/\/www.europesays.com\/fr\/wp-json\/wp\/v2\/posts\/1158577","targetHints":{"allow":["GET"]}}],"collection":[{"href":"https:\/\/www.europesays.com\/fr\/wp-json\/wp\/v2\/posts"}],"about":[{"href":"https:\/\/www.europesays.com\/fr\/wp-json\/wp\/v2\/types\/post"}],"author":[{"embeddable":true,"href":"https:\/\/www.europesays.com\/fr\/wp-json\/wp\/v2\/users\/2"}],"replies":[{"embeddable":true,"href":"https:\/\/www.europesays.com\/fr\/wp-json\/wp\/v2\/comments?post=1158577"}],"version-history":[{"count":0,"href":"https:\/\/www.europesays.com\/fr\/wp-json\/wp\/v2\/posts\/1158577\/revisions"}],"wp:featuredmedia":[{"embeddable":true,"href":"https:\/\/www.europesays.com\/fr\/wp-json\/wp\/v2\/media\/1158578"}],"wp:attachment":[{"href":"https:\/\/www.europesays.com\/fr\/wp-json\/wp\/v2\/media?parent=1158577"}],"wp:term":[{"taxonomy":"category","embeddable":true,"href":"https:\/\/www.europesays.com\/fr\/wp-json\/wp\/v2\/categories?post=1158577"},{"taxonomy":"post_tag","embeddable":true,"href":"https:\/\/www.europesays.com\/fr\/wp-json\/wp\/v2\/tags?post=1158577"}],"curies":[{"name":"wp","href":"https:\/\/api.w.org\/{rel}","templated":true}]}}