{"id":115859,"date":"2025-05-21T03:16:09","date_gmt":"2025-05-21T03:16:09","guid":{"rendered":"https:\/\/www.europesays.com\/fr\/115859\/"},"modified":"2025-05-21T03:16:09","modified_gmt":"2025-05-21T03:16:09","slug":"wout-van-aert-a-paye-ses-efforts-de-sienne-lors-du-chrono-et-visera-lechappee-ce-mercredi-je-netais-pas-assez-frais","status":"publish","type":"post","link":"https:\/\/www.europesays.com\/fr\/115859\/","title":{"rendered":"Wout van Aert a pay\u00e9 ses efforts de Sienne lors du chrono et visera l&rsquo;\u00e9chapp\u00e9e ce mercredi\u00a0: \u00ab\u00a0Je n&rsquo;\u00e9tais pas assez frais\u00a0\u00bb"},"content":{"rendered":"<p><a href=\"https:\/\/www.dhnet.be\/sports\/cyclisme\/giro\/2025\/05\/20\/daan-hoole-cree-la-surprise-sur-le-contre-la-montre-du-giro-roglic-reprend-du-temps-a-tous-ses-adversaires-BXFD7YUE7ZEBBHGEUK2SBGLNWU\/\" target=\"_blank\" rel=\"noopener noreferrer nofollow\" class=\"ap-StoryInterstitialLink ap-StoryElement ap-StoryElement--mb js-paywall-target\">Giro: Daan Hoole cr\u00e9e la surprise sur le contre-la-montre, Roglic reprend du temps \u00e0 tous ses adversaires<\/a><\/p>\n<p class=\"ap-StoryElement ap-StoryElement--mb ap-StoryText\">Une cons\u00e9quence des efforts monumentaux de dimanche qui n&rsquo;\u00e9taient pas encore dig\u00e9r\u00e9s malgr\u00e9 la journ\u00e9e de repos de lundi ? \u00ab\u00a0C&rsquo;est possible, r\u00e9torque le coureur de la Visma | Lease a Bike. Je pense\u2026 et j&rsquo;esp\u00e8re que c&rsquo;est li\u00e9. Il est clair que j&rsquo;esp\u00e8re \u00eatre dans une meilleure journ\u00e9e. Cela n&rsquo;a pas \u00e9t\u00e9 le cas. J&rsquo;avais pourtant essay\u00e9 de r\u00e9cup\u00e9rer au mieux de mes efforts de dimanche et mardi matin, je ne me sentais pas mal. Mais sur le v\u00e9lo, il est assez vite apparu que je ne pouvais pas aller aussi loin dans la douleur que je le souhaitais. Et rouler un contre-la-montre avec des jambes fragiles n&rsquo;est jamais amusant.\u00a0\u00bb<\/p>\n<p>Dans l&rsquo;\u00e9chapp\u00e9e ce mercredi ?<\/p>\n<p class=\"ap-StoryElement ap-StoryElement--mb ap-StoryText\">Forc\u00e9ment un peu d\u00e9\u00e7u en tant que comp\u00e9titeur, van Aert n&rsquo;\u00e9tait pas non plus abattu. Son langage corporel traduisait beaucoup moins de frustration que lors du chrono de Tirana, o\u00f9 il \u00e9tait pass\u00e9 \u00e0 c\u00f4t\u00e9 du maillot rose. Cette fois, c&rsquo;est diff\u00e9rent. Le coureur de 30 ans sait que la semaine qui arrive va lui apporter des opportunit\u00e9s de se montrer et que des bonnes journ\u00e9es vont encore arriver. \u00ab\u00a0Je ne suis pas extr\u00eamement d\u00e9\u00e7u car je savais que ce sc\u00e9nario pouvait se passer\u00a0\u00bb, termine celui qui a directement plong\u00e9 le nez dans le roadbook pour constater que l&rsquo;\u00e9tape de ce mercredi, entre Viareggio et Castelnovo ne&rsquo; Monti (186 km, 3 800 m\u00e8tres de d\u00e9nivel\u00e9) \u00e9tait le genre d&rsquo;\u00e9tape de transition difficile qui devrait permettre \u00e0 une belle \u00e9chapp\u00e9e de sortir pour jouer la gagne.<\/p>\n<p class=\"ap-StoryElement ap-StoryElement--mb ap-StoryText\">On peut donc s&rsquo;attendre \u00e0 voir WVA se dresser sur les p\u00e9dales d\u00e8s le kilom\u00e8tre z\u00e9ro. Car il sait que les jours se suivent et ne ressemblent pas.<\/p>\n<p><a href=\"https:\/\/www.dhnet.be\/sports\/cyclisme\/giro\/2025\/05\/20\/wout-van-aert-et-la-theorie-du-champagne-pour-enchainer-les-victoires-il-y-a-encore-pas-mal-dopportunites-CWJFEQOBPBAF5MRPRIBWO4SSKU\/\" target=\"_blank\" rel=\"noopener noreferrer nofollow\" class=\"ap-StoryInterstitialLink ap-StoryElement ap-StoryElement--mb\">Wout van Aert et la th\u00e9orie du\u2026 champagne pour encha\u00eener les victoires : \u00ab\u00a0Il y a encore pas mal d&rsquo;opportunit\u00e9s\u00a0\u00bb<\/a><\/p>\n","protected":false},"excerpt":{"rendered":"Giro: Daan Hoole cr\u00e9e la surprise sur le contre-la-montre, Roglic reprend du temps \u00e0 tous ses adversaires Une&hellip;\n","protected":false},"author":2,"featured_media":115860,"comment_status":"","ping_status":"","sticky":false,"template":"","format":"standard","meta":{"footnotes":""},"categories":[1411],"tags":[1154,207,3057,1011,27,1227,60],"class_list":{"0":"post-115859","1":"post","2":"type-post","3":"status-publish","4":"format-standard","5":"has-post-thumbnail","7":"category-cyclisme","8":"tag-cycling","9":"tag-cyclisme","10":"tag-essential","11":"tag-fr","12":"tag-france","13":"tag-horizontal","14":"tag-sports"},"share_on_mastodon":{"url":"https:\/\/pubeurope.com\/@fr\/114543655846595329","error":""},"_links":{"self":[{"href":"https:\/\/www.europesays.com\/fr\/wp-json\/wp\/v2\/posts\/115859","targetHints":{"allow":["GET"]}}],"collection":[{"href":"https:\/\/www.europesays.com\/fr\/wp-json\/wp\/v2\/posts"}],"about":[{"href":"https:\/\/www.europesays.com\/fr\/wp-json\/wp\/v2\/types\/post"}],"author":[{"embeddable":true,"href":"https:\/\/www.europesays.com\/fr\/wp-json\/wp\/v2\/users\/2"}],"replies":[{"embeddable":true,"href":"https:\/\/www.europesays.com\/fr\/wp-json\/wp\/v2\/comments?post=115859"}],"version-history":[{"count":0,"href":"https:\/\/www.europesays.com\/fr\/wp-json\/wp\/v2\/posts\/115859\/revisions"}],"wp:featuredmedia":[{"embeddable":true,"href":"https:\/\/www.europesays.com\/fr\/wp-json\/wp\/v2\/media\/115860"}],"wp:attachment":[{"href":"https:\/\/www.europesays.com\/fr\/wp-json\/wp\/v2\/media?parent=115859"}],"wp:term":[{"taxonomy":"category","embeddable":true,"href":"https:\/\/www.europesays.com\/fr\/wp-json\/wp\/v2\/categories?post=115859"},{"taxonomy":"post_tag","embeddable":true,"href":"https:\/\/www.europesays.com\/fr\/wp-json\/wp\/v2\/tags?post=115859"}],"curies":[{"name":"wp","href":"https:\/\/api.w.org\/{rel}","templated":true}]}}