{"id":1158591,"date":"2026-08-31T05:27:14","date_gmt":"2026-08-31T05:27:14","guid":{"rendered":"https:\/\/www.europesays.com\/fr\/1158591\/"},"modified":"2026-08-31T05:27:14","modified_gmt":"2026-08-31T05:27:14","slug":"le-pouliguen-gerard-mursic-expose-a-la-chapelle-de-penchateau","status":"publish","type":"post","link":"https:\/\/www.europesays.com\/fr\/1158591\/","title":{"rendered":"Le Pouliguen. G\u00e9rard Mursic expose \u00e0 la chapelle de Pench\u00e2teau"},"content":{"rendered":"<p data-ofstats-scroll=\"read_depth_30\">Dans le cadre de la manifestation culturelle \u00ab\u00a0L\u2019Art au gr\u00e9 des chapelles\u00a0\u00bb, en presqu\u2019\u00eele, le peintre G\u00e9rard Mursic exposera ses \u0153uvres \u00e0 la chapelle de Pench\u00e2teau pendant le mois de septembre, du mardi\u00a01er\u00a0au dimanche\u00a027. Venu de\u00a0Saint-Malo (\u00cele-et-Vilaine), cet artiste autodidacte de 74\u00a0ans reconna\u00eet que ses tableaux sont en \u00e9volution constante, depuis le figuratif vers l\u2019abstraction.<\/p>\n<p data-ofstats-scroll=\"read_depth_80\">Paysages naturels, marines, environnements urbains, natures mortes ou compositions florales sont \u00e9voqu\u00e9s dans ses peintures \u00e0 l\u2019huile. <strong>\u00ab\u00a0Je qualifierais mes peintures de \u201cmi-figuratives mi-abstraites\u201d. Je les r\u00e9alise dans tous les sens, je tourne ma toile, mais ce sont toujours des \u00e9vocations de paysages, de natures mortes\u2026 Mon sujet, en v\u00e9rit\u00e9, c\u2019est la couleur\u00a0! Ma technique a \u00e9volu\u00e9, car je veux continuer \u00e0 \u00e9prouver du plaisir, et non me cantonner dans un registre.\u00a0\u00bb<\/strong> Le travail de G\u00e9rard Mursic, ex\u00e9cut\u00e9 au couteau, am\u00e8ne le spectateur \u00e0 s\u2019engager alors, lui aussi, dans un processus cr\u00e9atif. Ainsi, il cherche ce qu\u2019il a envie de voir.<\/p>\n<p data-ofstats-scroll=\"read_depth_90\">G\u00e9rard Mursic a re\u00e7u de nombreuses r\u00e9compenses et ses \u0153uvres sont expos\u00e9es\u00a0en France et \u00e0 l\u2019\u00e9tranger.<\/p>\n<p data-ofstats-scroll=\"read_depth_100\">Du mardi 1er au dimanche 27 septembre, \u00e0 la chapelle Saint-Julien Sainte-Anne de Pench\u00e2teau.<\/p>\n","protected":false},"excerpt":{"rendered":"Dans le cadre de la manifestation culturelle \u00ab\u00a0L\u2019Art au gr\u00e9 des chapelles\u00a0\u00bb, en presqu\u2019\u00eele, le peintre G\u00e9rard Mursic&hellip;\n","protected":false},"author":2,"featured_media":1158592,"comment_status":"","ping_status":"","sticky":false,"template":"","format":"standard","meta":{"footnotes":"","_share_on_mastodon":"0"},"categories":[1358],"tags":[1348,1384,1385,1386,58,59,1011,27,100022],"class_list":["post-1158591","post","type-post","status-publish","format-standard","has-post-thumbnail","category-arts-et-design","tag-arts","tag-arts-and-design","tag-arts-et-design","tag-design","tag-divertissement","tag-entertainment","tag-fr","tag-france","tag-le-pouliguen"],"share_on_mastodon":{"url":"https:\/\/pubeurope.com\/@fr\/117188470097372810","error":""},"_links":{"self":[{"href":"https:\/\/www.europesays.com\/fr\/wp-json\/wp\/v2\/posts\/1158591","targetHints":{"allow":["GET"]}}],"collection":[{"href":"https:\/\/www.europesays.com\/fr\/wp-json\/wp\/v2\/posts"}],"about":[{"href":"https:\/\/www.europesays.com\/fr\/wp-json\/wp\/v2\/types\/post"}],"author":[{"embeddable":true,"href":"https:\/\/www.europesays.com\/fr\/wp-json\/wp\/v2\/users\/2"}],"replies":[{"embeddable":true,"href":"https:\/\/www.europesays.com\/fr\/wp-json\/wp\/v2\/comments?post=1158591"}],"version-history":[{"count":0,"href":"https:\/\/www.europesays.com\/fr\/wp-json\/wp\/v2\/posts\/1158591\/revisions"}],"wp:featuredmedia":[{"embeddable":true,"href":"https:\/\/www.europesays.com\/fr\/wp-json\/wp\/v2\/media\/1158592"}],"wp:attachment":[{"href":"https:\/\/www.europesays.com\/fr\/wp-json\/wp\/v2\/media?parent=1158591"}],"wp:term":[{"taxonomy":"category","embeddable":true,"href":"https:\/\/www.europesays.com\/fr\/wp-json\/wp\/v2\/categories?post=1158591"},{"taxonomy":"post_tag","embeddable":true,"href":"https:\/\/www.europesays.com\/fr\/wp-json\/wp\/v2\/tags?post=1158591"}],"curies":[{"name":"wp","href":"https:\/\/api.w.org\/{rel}","templated":true}]}}