{"id":1158593,"date":"2026-08-31T05:29:16","date_gmt":"2026-08-31T05:29:16","guid":{"rendered":"https:\/\/www.europesays.com\/fr\/1158593\/"},"modified":"2026-08-31T05:29:16","modified_gmt":"2026-08-31T05:29:16","slug":"cest-une-idee-de-la-direction-de-la-communication-le-journaliste-loic-de-la-mornais-joue-son-propre-role-dans-un-si-grand-soleil","status":"publish","type":"post","link":"https:\/\/www.europesays.com\/fr\/1158593\/","title":{"rendered":"\u00ab\u00a0C\u2019est une id\u00e9e de la direction de la communication\u00a0\u00bb : Le journaliste Lo\u00efc de la Mornais joue son propre r\u00f4le dans Un si grand soleil"},"content":{"rendered":"<p>Dans <b>Un si grand soleil<\/b> sur France 3, rien ne va plus pour C\u00e9cile (Marie-Ga\u00eblle Cals), qui a subi <a href=\"https:\/\/www.programme-tv.net\/news\/series-tv\/407111-un-si-grand-soleil-en-avance-cecile-victime-d-une-tentative-de-meurtre-alix-empoisonne-blamont-le-resume-de-l-episode-1996-du-mercredi-26-aout-2026\/\" data-api-deeplink=\"teleloisirs:\/\/news\/407111\" rel=\"nofollow noopener\" target=\"_blank\">une premi\u00e8re tentative d&rsquo;assassinat<\/a> puis une deuxi\u00e8me avec l&rsquo;explosion d&rsquo;une bombe qui l&rsquo;a conduite \u00e0 l&rsquo;h\u00f4pital. Alors qu&rsquo;elle est dans le coma, Florent (<a href=\"https:\/\/www.programme-tv.net\/biographie\/5011-deville-fabrice\/\" data-link-people=\"0786606b-5151-4ee4-8083-f97cad80495e\" rel=\"nofollow noopener\" target=\"_blank\">Fabrice Deville<\/a>) se fait un sang d&rsquo;encre pour sa dulcin\u00e9e, qui a commenc\u00e9 <a href=\"https:\/\/www.programme-tv.net\/news\/series-tv\/407007-un-si-grand-soleil-en-avance-guillaume-est-l-amant-de-cecile-alix-se-delecte-de-la-chute-de-chaligny-le-resume-de-l-episode-du-1997-du-jeudi-27-aout-2026\/\" data-api-deeplink=\"teleloisirs:\/\/news\/407007\" rel=\"nofollow noopener\" target=\"_blank\">une liaison avec S\u00e9rignan<\/a>. L&rsquo;avocat apprendra-t-il cette infid\u00e9lit\u00e9 ?<\/p>\n<p>Dans l&rsquo;\u00e9pisode de ce lundi 31 ao\u00fbt 2026, un nouveau personnage fait son apparition dans ce contexte. <a href=\"https:\/\/www.programme-tv.net\/news\/tv\/268063-le-correspondant-de-france-televisions-loic-de-la-mornais-raconte-sa-folle-journee-au-cote-des-manifestants-trumpistes-au-capitole\/\" data-api-deeplink=\"teleloisirs:\/\/news\/268063\" rel=\"nofollow noopener\" target=\"_blank\">Le journaliste de franceinfo Lo\u00efc de la Mornais<\/a> joue son propre r\u00f4le et est envoy\u00e9 \u00e0 Montpellier comme reporter pour couvrir cette tentative d&rsquo;assassinat. Pour l&rsquo;occasion, il s&rsquo;est confi\u00e9 \u00e0 T\u00e9l\u00e9-Loisirs.<\/p>\n<p>Le journaliste Lo\u00efc de la Mornais raconte son arriv\u00e9e dans Un si grand soleil<\/p>\n<p><b>T\u00e9l\u00e9-Loisirs : Comment vous \u00eates-vous retrouv\u00e9 dans<\/b> <b>Un si grand soleil<\/b> <b>?<br \/>Lo\u00efc de la Mornais :<\/b> Je n\u2019y suis pour rien (Il rit.). C\u2019est une id\u00e9e de la direction de la communication pour marquer le coup des 10 ans de franceinfo en faisant un pont entre la cha\u00eene et Un si grand soleil. Je joue mon propre r\u00f4le et je suis envoy\u00e9 sur place pour couvrir la deuxi\u00e8me tentative d\u2019assassinat de la juge.<\/p>\n<p><b>Quels souvenirs avez-vous du tournage aux studios de Vendargues ?<\/b> <br \/>J\u2019y suis rest\u00e9 48 heures. J\u2019ai vraiment \u00e9t\u00e9 \u00e9poustoufl\u00e9 par l\u2019ampleur et la modernit\u00e9 de ces studios, notamment le gigantesque hangar avec les costumes, les d\u00e9cors et les accessoires. Quand j\u2019\u00e9tais correspondant \u00e0 l&rsquo;\u00e9tranger, j\u2019ai fait des reportages dans les studios de Pinewood ou \u00e0 Hollywood et, franchement, \u00e7a ressemble \u00e0 \u00e7a.<\/p>\n<p><b>Quel accueil vous a-t-on r\u00e9serv\u00e9 dans cette grande machine qu&rsquo;est un feuilleton quotidien ?<\/b> <br \/>J\u2019ai re\u00e7u un accueil formidable et tr\u00e8s pro. J\u2019ai travaill\u00e9 avec la coach r\u00e9p\u00e9titrice qui aide les acteurs \u00e0 bien conna\u00eetre leur texte. J\u2019ai aussi pu faire le tour de tous les services : la pr\u00e9pa, les quatre \u00e9quipes de tournage, le montage. Le rythme ne tra\u00eene pas, mais on a bien le temps de r\u00e9p\u00e9ter.<\/p>\n<p><b>Une anecdote vous revient-elle en particulier ?<\/b> <br \/>Dans une sc\u00e8ne, je sors d\u2019une conf\u00e9rence de presse du procureur et je croise Marc, un ancien camarade d\u2019\u00e9cole de journalisme. Avant de tourner, on se demande comment on va se saluer et je propose qu\u2019on se tombe dans les bras.<\/p>\n<p>On fait une premi\u00e8re r\u00e9p\u00e9tition et C\u00e9sar M\u00e9ric me surprend en me faisant un \u00ab\u00a0check de torse\u00a0\u00bb hyper fort. J\u2019en perds ma sacoche, on \u00e9clate de rire et \u00e7a a tout de suite donn\u00e9 une bonne ambiance.<\/p>\n<p><b>Cette exp\u00e9rience vous a-t-elle mis face \u00e0 des d\u00e9fis ?<br \/><\/b>Peut-\u00eatre le placement, parce qu\u2019en tant que pr\u00e9sentateur, je ne bouge pas beaucoup, je fais toujours les m\u00eames mouvements et je connais les axes de cam\u00e9ra. L\u00e0, le fait d\u2019\u00eatre \u00e0 chaque fois dans un nouvel endroit et de ne pas savoir exactement o\u00f9 marcher, c\u2019est moins \u00e9vident.<\/p>\n<p>Il y a aussi un truc qui m\u2019a d\u00e9stabilis\u00e9 : ce sont les figurants. Au d\u00e9but, je les ai pris pour des membres de l\u2019\u00e9quipe technique ! (Il rit.)<\/p>\n<p>Lo\u00efc de la Mornais pr\u00e9sente la nouvelle version de Sur le terrain<\/p>\n<p><b>Allez-vous refaire une apparition dans le feuilleton ? Auriez-vous envie de jouer davantage la com\u00e9die ?<\/b> <br \/>Ce n\u2019est pas au programme, mais j\u2019ai trouv\u00e9 l\u2019exp\u00e9rience g\u00e9niale et je serais ravi de le refaire. Je ne pense pas changer de carri\u00e8re, mais je ne pensais pas que j\u2019y prendrais autant de plaisir.<\/p>\n<p><b>Pouvez-vous nous parler de la nouvelle version rallong\u00e9e de votre \u00e9mission<\/b> <b>Sur le terrain<\/b> <b>?<\/b> <br \/>L&rsquo;\u00e9mission dure d\u00e9sormais de 20h30 \u00e0 23h. On souhaitait la prolonger notamment pour une raison technique : \u00e0 la fin du 20h, <a href=\"https:\/\/www.programme-tv.net\/biographie\/1044-salame-lea\/\" data-link-people=\"5c093c14-70e3-4f88-8231-98d25b01dc6f\" rel=\"nofollow noopener\" target=\"_blank\">L\u00e9a Salam\u00e9<\/a> disait : \u00ab\u00a0Tout de suite, on continue \u00e0 suivre l\u2019information avec Lo\u00efc de la Mornais sur franceinfo.\u00a0\u00bb Sauf qu&rsquo;en r\u00e9alit\u00e9, il y avait Les inform\u00e9s de Radio France jusqu&rsquo;\u00e0 21h.<\/p>\n<p>Avoir une \u00e9mission plus longue va permettre \u00e0 franceinfo de devenir de plus en plus une cha\u00eene de breaking news, mais aussi de faire fructifier le gigantesque tr\u00e9sor des reportages de France T\u00e9l\u00e9visions. Nous avons deux autres nouveaut\u00e9s : r\u00e9introduire une chronique d\u2019actualit\u00e9 culturelle tous les soirs et une chronique sur les sciences et techniques. Sinon, on garde notre quart d\u2019heure am\u00e9ricain.<\/p>\n","protected":false},"excerpt":{"rendered":"Dans Un si grand soleil sur France 3, rien ne va plus pour C\u00e9cile (Marie-Ga\u00eblle Cals), qui a&hellip;\n","protected":false},"author":2,"featured_media":1158594,"comment_status":"","ping_status":"","sticky":false,"template":"","format":"standard","meta":{"footnotes":"","_share_on_mastodon":"0"},"categories":[1356],"tags":[244,58,59,1011,27,876,2173,252,1364,9766],"class_list":["post-1158593","post","type-post","status-publish","format-standard","has-post-thumbnail","category-television","tag-commentaire","tag-divertissement","tag-entertainment","tag-fr","tag-france","tag-france-3","tag-interview","tag-television","tag-tv","tag-un-si-grand-soleil"],"share_on_mastodon":{"url":"https:\/\/pubeurope.com\/@fr\/117188478015429277","error":""},"_links":{"self":[{"href":"https:\/\/www.europesays.com\/fr\/wp-json\/wp\/v2\/posts\/1158593","targetHints":{"allow":["GET"]}}],"collection":[{"href":"https:\/\/www.europesays.com\/fr\/wp-json\/wp\/v2\/posts"}],"about":[{"href":"https:\/\/www.europesays.com\/fr\/wp-json\/wp\/v2\/types\/post"}],"author":[{"embeddable":true,"href":"https:\/\/www.europesays.com\/fr\/wp-json\/wp\/v2\/users\/2"}],"replies":[{"embeddable":true,"href":"https:\/\/www.europesays.com\/fr\/wp-json\/wp\/v2\/comments?post=1158593"}],"version-history":[{"count":0,"href":"https:\/\/www.europesays.com\/fr\/wp-json\/wp\/v2\/posts\/1158593\/revisions"}],"wp:featuredmedia":[{"embeddable":true,"href":"https:\/\/www.europesays.com\/fr\/wp-json\/wp\/v2\/media\/1158594"}],"wp:attachment":[{"href":"https:\/\/www.europesays.com\/fr\/wp-json\/wp\/v2\/media?parent=1158593"}],"wp:term":[{"taxonomy":"category","embeddable":true,"href":"https:\/\/www.europesays.com\/fr\/wp-json\/wp\/v2\/categories?post=1158593"},{"taxonomy":"post_tag","embeddable":true,"href":"https:\/\/www.europesays.com\/fr\/wp-json\/wp\/v2\/tags?post=1158593"}],"curies":[{"name":"wp","href":"https:\/\/api.w.org\/{rel}","templated":true}]}}