{"id":1158607,"date":"2026-08-31T05:40:31","date_gmt":"2026-08-31T05:40:31","guid":{"rendered":"https:\/\/www.europesays.com\/fr\/1158607\/"},"modified":"2026-08-31T05:40:31","modified_gmt":"2026-08-31T05:40:31","slug":"vivre-a-portimao-une-ville-dalgarve-ou-sinstaller-a-lannee","status":"publish","type":"post","link":"https:\/\/www.europesays.com\/fr\/1158607\/","title":{"rendered":"Vivre \u00e0 Portim\u00e3o, une ville d&rsquo;Algarve o\u00f9 s&rsquo;installer \u00e0 l&rsquo;ann\u00e9e"},"content":{"rendered":"<p class=\"wp-block-paragraph\">Lorsqu\u2019on imagine s\u2019installer en Algarve, les plages, le soleil et les stations baln\u00e9aires viennent imm\u00e9diatement \u00e0 l\u2019esprit. Mais <strong>vivre toute l\u2019ann\u00e9e dans le sud du Portugal impose d\u2019autres crit\u00e8res<\/strong> : commerces, \u00e9coles, services de sant\u00e9, transports, \u00e9quipements culturels et activit\u00e9 suffisante lorsque les vacanciers sont repartis.<\/p>\n<p class=\"wp-block-paragraph\">\u00c0 ce jeu-l\u00e0, <strong>Portim\u00e3o<\/strong> poss\u00e8de des arguments que les visiteurs venus essentiellement pour Praia da Rocha ne soup\u00e7onnent pas toujours. Une famille install\u00e9e dans la r\u00e9gion vient d\u2019ailleurs de mettre en avant sur les r\u00e9seaux sociaux cette capacit\u00e9 \u00e0 \u00ab vivre pr\u00e8s de la mer sans d\u00e9pendre du tourisme saisonnier \u00bb. Derri\u00e8re le t\u00e9moignage, la ville pr\u00e9sente effectivement un profil assez particulier en Algarve : celui d\u2019une v\u00e9ritable agglom\u00e9ration qui continue \u00e0 vivre en dehors de la saison touristique.<\/p>\n<p>Portim\u00e3o ne se r\u00e9sume pas \u00e0 Praia da Rocha<img loading=\"lazy\" data-lazyloaded=\"1\" decoding=\"async\" width=\"1200\" height=\"675\" src=\"https:\/\/www.europesays.com\/fr\/wp-content\/uploads\/2026\/08\/praia-da-rocha-2.webp\" alt=\"praia da rocha\" class=\"wp-image-26619\"\/><\/p>\n<p class=\"wp-block-paragraph\">Pour beaucoup de visiteurs \u00e9trangers, le nom de <strong><a href=\"https:\/\/www.portugal.fr\/Vivre-a-Portimao-le-guide-complet-pour-les-expatries.html\" data-type=\"post\" data-id=\"19055\" rel=\"nofollow noopener\" target=\"_blank\">Portim\u00e3o<\/a><\/strong> reste associ\u00e9 \u00e0 Praia da Rocha. Immense plage bord\u00e9e de falaises dor\u00e9es, h\u00f4tels, restaurants et appartements de vacances en ont fait l\u2019une des stations baln\u00e9aires les plus connues du Portugal.<\/p>\n<p class=\"wp-block-paragraph\">Mais <strong><a href=\"https:\/\/www.portugal.fr\/Praia-da-Rocha-lune-des-plus-belles-plages-de-lAlgarve.html\" rel=\"nofollow noopener\" target=\"_blank\">Praia da Rocha<\/a><\/strong> se trouve \u00e0 environ 3 kilom\u00e8tres du c\u0153ur historique et ne repr\u00e9sente qu\u2019une facette de la ville. <strong>Portim\u00e3o poss\u00e8de un v\u00e9ritable centre urbain<\/strong>, avec ses quartiers r\u00e9sidentiels, ses rues commer\u00e7antes, ses caf\u00e9s et les services utilis\u00e9s quotidiennement par ses habitants.<\/p>\n<p class=\"wp-block-paragraph\">Autour de la Pra\u00e7a 1\u00ba de Maio, o\u00f9 se trouve l\u2019ancien <strong>Pal\u00e1cio dos Viscondes de B\u00edvar<\/strong> aujourd\u2019hui occup\u00e9 par la mairie, le paysage change radicalement. Le <strong>Jardim 1\u00ba de Dezembro<\/strong>, la <strong>Pra\u00e7a da Rep\u00fablica<\/strong> et les rues pi\u00e9tonnes environnantes composent une ville portugaise beaucoup plus quotidienne que l\u2019image baln\u00e9aire g\u00e9n\u00e9ralement associ\u00e9e \u00e0 Portim\u00e3o.<\/p>\n<p class=\"wp-block-paragraph\">On y retrouve encore des maisons de deux \u00e9tages, des balcons en fer forg\u00e9, des encadrements de pierre et quelques fa\u00e7ades couvertes d\u2019azulejos. Un visage souvent ignor\u00e9 par ceux qui rejoignent directement les plages.<\/p>\n<p>Une ville qui continue de fonctionner apr\u00e8s l\u2019\u00e9t\u00e9<\/p>\n<p class=\"wp-block-paragraph\">C\u2019est probablement l\u2019un des principaux arguments de Portim\u00e3o pour ceux qui envisagent de s\u2019installer en Algarve. L\u00e0 o\u00f9 certaines localit\u00e9s littorales changent radicalement de rythme \u00e0 la fin de la saison estivale, <strong>Portim\u00e3o conserve une activit\u00e9 urbaine tout au long de l\u2019ann\u00e9e.<\/strong><\/p>\n<p class=\"wp-block-paragraph\">La ville dispose de commerces, d\u2019\u00e9tablissements scolaires, de services administratifs et d\u2019infrastructures de sant\u00e9. Son poids d\u00e9mographique et \u00e9conomique lui permet de fonctionner comme un v\u00e9ritable p\u00f4le pour une partie de l\u2019ouest de l\u2019<a href=\"https:\/\/www.portugal.fr\/Decouvrir-lAlgarve.html\" data-type=\"page\" data-id=\"544\" rel=\"nofollow noopener\" target=\"_blank\">Algarve<\/a>.<\/p>\n<p class=\"wp-block-paragraph\">Cette r\u00e9alit\u00e9 peut faire une diff\u00e9rence importante lorsqu\u2019il ne s\u2019agit plus de choisir une destination pour deux semaines de vacances, mais un endroit o\u00f9 organiser sa vie quotidienne. Faire ses courses, consulter un m\u00e9decin, scolariser des enfants ou simplement trouver des commerces ouverts en hiver deviennent alors des crit\u00e8res au moins aussi importants que la distance jusqu\u2019\u00e0 la plage.<\/p>\n<p class=\"wp-block-paragraph\">C\u2019est pr\u00e9cis\u00e9ment cette dimension que souligne la famille cit\u00e9e par le compte TikTok Algarve Pelo Nosso, qui d\u00e9crit Portim\u00e3o comme une ville \u00ab compl\u00e8te \u00bb, avec des plages reconnues mais \u00e9galement des commerces actifs toute l\u2019ann\u00e9e, des \u00e9coles, des services de sant\u00e9 et de bonnes connexions.<\/p>\n<p>Le fleuve Arade donne un autre visage \u00e0 Portim\u00e3o<img loading=\"lazy\" data-lazyloaded=\"1\" decoding=\"async\" width=\"1200\" height=\"676\" src=\"https:\/\/www.europesays.com\/fr\/wp-content\/uploads\/2026\/08\/vivre-a-portimao-e1788085680302.webp\" alt=\"vivre a portimao\" class=\"wp-image-3129\"\/><\/p>\n<p class=\"wp-block-paragraph\">La mer n\u2019est d\u2019ailleurs pas le seul \u00e9l\u00e9ment autour duquel s\u2019organise la ville. Portim\u00e3o s\u2019est historiquement d\u00e9velopp\u00e9e sur les rives de l\u2019<strong>Arade<\/strong>, et cette relation avec le fleuve reste particuli\u00e8rement visible le long de la zone riveraine.<\/p>\n<p class=\"wp-block-paragraph\">Le <strong>Passeio da Ribeirinha<\/strong> permet de suivre l\u2019estuaire et d\u2019observer aussi bien les bateaux de plaisance que les embarcations li\u00e9es \u00e0 l\u2019activit\u00e9 maritime. Cette promenade constitue \u00e9galement une transition naturelle entre plusieurs espaces du centre.<\/p>\n<p class=\"wp-block-paragraph\">Portim\u00e3o conserve par ailleurs un patrimoine qui rappelle que son histoire pr\u00e9c\u00e8de largement le d\u00e9veloppement du tourisme moderne. L\u2019<strong>Igreja Matriz de Nossa Senhora da Concei\u00e7\u00e3o<\/strong> poss\u00e8de encore son portail gothique du XVe si\u00e8cle, malgr\u00e9 les importantes reconstructions r\u00e9alis\u00e9es apr\u00e8s le <a href=\"https:\/\/www.portugal.fr\/Lisbonne-face-au-spectre-du-Big-One-entre-memoire-et-crainte.html\" data-type=\"post\" data-id=\"8814\" rel=\"nofollow noopener\" target=\"_blank\">tremblement de terre de 1755<\/a>.<\/p>\n<p class=\"wp-block-paragraph\">Sur la <strong>Pra\u00e7a da Rep\u00fablica<\/strong> se dresse \u00e9galement l\u2019ancien coll\u00e8ge des J\u00e9suites, tandis que la <strong>Casa-Museu Manuel Teixeira Gomes<\/strong> rappelle que l\u2019ancien pr\u00e9sident de la R\u00e9publique et \u00e9crivain portugais \u00e9tait originaire de la ville.<\/p>\n<p>Une ancienne ville industrielle devenue destination touristique<img loading=\"lazy\" data-lazyloaded=\"1\" decoding=\"async\" width=\"1200\" height=\"675\" src=\"https:\/\/www.europesays.com\/fr\/wp-content\/uploads\/2026\/08\/musee-portimao-2.webp\" alt=\"museu de portimao\" class=\"wp-image-19747\"\/><\/p>\n<p class=\"wp-block-paragraph\">L\u2019un des lieux qui permet le mieux de comprendre l\u2019\u00e9volution de Portim\u00e3o est son mus\u00e9e municipal. Install\u00e9 dans une ancienne conserverie de poisson, le <strong><a href=\"https:\/\/www.portugal.fr\/Musee-de-Portimao.html\" data-type=\"post\" data-id=\"19741\" rel=\"nofollow noopener\" target=\"_blank\">Museu de Portim\u00e3o<\/a><\/strong> conserve la m\u00e9moire d\u2019une \u00e9poque o\u00f9 l\u2019\u00e9conomie locale reposait largement sur la p\u00eache et l\u2019industrie des conserves.<\/p>\n<p class=\"wp-block-paragraph\">Cette histoire industrielle distingue aussi Portim\u00e3o de stations baln\u00e9aires d\u00e9velopp\u00e9es presque exclusivement autour du <a href=\"https:\/\/www.portugal.fr\/Tourisme-au-Portugal.html\" data-type=\"post_tag\" data-id=\"50\" rel=\"nofollow noopener\" target=\"_blank\">tourisme<\/a>. La ville existait comme centre \u00e9conomique et portuaire bien avant que ses plages deviennent une destination internationale.<\/p>\n<p class=\"wp-block-paragraph\">En poursuivant vers l\u2019oc\u00e9an, le paysage change \u00e0 nouveau. Le <strong>Fortaleza de Santa Catarina<\/strong> domine l\u2019entr\u00e9e de l\u2019Arade et marque l\u2019arriv\u00e9e \u00e0 Praia da Rocha. Depuis cette partie de la ville, il est possible de rejoindre le m\u00f4le et son phare, avec l\u2019oc\u00e9an d\u2019un c\u00f4t\u00e9 et l\u2019estuaire de l\u2019autre.<\/p>\n<p class=\"wp-block-paragraph\">En quelques kilom\u00e8tres seulement, Portim\u00e3o passe ainsi d\u2019un centre urbain portugais \u00e0 une promenade fluviale puis \u00e0 l\u2019une des plages les plus c\u00e9l\u00e8bres de l\u2019Algarve.<\/p>\n<p>Vivre pr\u00e8s de la mer sans vivre uniquement au rythme des vacances<\/p>\n<p class=\"wp-block-paragraph\">C\u2019est cette combinaison qui peut s\u00e9duire certains candidats \u00e0 l\u2019installation. Portim\u00e3o permet de rester <strong>\u00e0 quelques minutes de l\u2019oc\u00e9an tout en disposant des \u00e9quipements d\u2019une ville<\/strong>. Une configuration particuli\u00e8rement int\u00e9ressante pour des familles, des retrait\u00e9s ou des personnes travaillant \u00e0 distance.<\/p>\n<p class=\"wp-block-paragraph\">Elle implique cependant des compromis. Portim\u00e3o est davantage urbanis\u00e9e que de nombreux villages c\u00f4tiers de l\u2019Algarve et certains quartiers n\u2019offrent \u00e9videmment pas le charme des petites localit\u00e9s historiques de la r\u00e9gion. La circulation peut \u00eatre importante et la fr\u00e9quentation augmente consid\u00e9rablement en \u00e9t\u00e9, particuli\u00e8rement autour de Praia da Rocha.<\/p>\n<p class=\"wp-block-paragraph\">Le <a href=\"https:\/\/www.portugal.fr\/Investir-en-Algarve-un-marche-immobilier-attractif.html\" data-type=\"post\" data-id=\"5476\" rel=\"nofollow noopener\" target=\"_blank\">march\u00e9 immobilier<\/a> constitue \u00e9galement un \u00e9l\u00e9ment essentiel \u00e0 prendre en compte avant toute installation dans une r\u00e9gion o\u00f9 la demande touristique et r\u00e9sidentielle exerce depuis plusieurs ann\u00e9es une forte pression sur le logement.<\/p>\n<p class=\"wp-block-paragraph\">Il n\u2019existe donc pas de ville id\u00e9ale pour vivre en Algarve : le choix d\u00e9pendra toujours du budget, du mode de vie recherch\u00e9 et de la n\u00e9cessit\u00e9 ou non d\u2019acc\u00e9der quotidiennement \u00e0 certains services.<\/p>\n<p>Portim\u00e3o, une autre mani\u00e8re d\u2019envisager une installation en Algarve<\/p>\n<p class=\"wp-block-paragraph\">Pour un Fran\u00e7ais d\u00e9couvrant l\u2019Algarve essentiellement \u00e0 travers ses vacances, Portim\u00e3o peut finalement r\u00e9server une surprise. <strong>Derri\u00e8re Praia da Rocha existe une ville qui fonctionne toute l\u2019ann\u00e9e<\/strong>, avec son centre, ses quartiers r\u00e9sidentiels, son patrimoine, ses commerces et ses \u00e9quipements.<\/p>\n<p class=\"wp-block-paragraph\">Ce n\u2019est sans doute pas l\u2019Algarve la plus paisible ni la plus pittoresque. Mais pour ceux qui souhaitent vivre pr\u00e8s de l\u2019Atlantique sans d\u00e9pendre enti\u00e8rement d\u2019une station touristique saisonni\u00e8re, ce caract\u00e8re urbain peut pr\u00e9cis\u00e9ment devenir un avantage.<\/p>\n<p class=\"wp-block-paragraph\">La formule utilis\u00e9e par la famille ayant partag\u00e9 son exp\u00e9rience r\u00e9sume assez bien cette diff\u00e9rence : Portim\u00e3o n\u2019est pas seulement une destination. Pour une partie de ses habitants, c\u2019est avant tout une base pour vivre en Algarve douze mois par an.<\/p>\n<p><\/p>\n","protected":false},"excerpt":{"rendered":"Lorsqu\u2019on imagine s\u2019installer en Algarve, les plages, le soleil et les stations baln\u00e9aires viennent imm\u00e9diatement \u00e0 l\u2019esprit. Mais&hellip;\n","protected":false},"author":2,"featured_media":1158608,"comment_status":"","ping_status":"","sticky":false,"template":"","format":"standard","meta":{"footnotes":"","_share_on_mastodon":"0"},"categories":[5],"tags":[11,45973,1011,27,14,12,28],"class_list":["post-1158607","post","type-post","status-publish","format-standard","has-post-thumbnail","category-international","tag-actualites","tag-algarve","tag-fr","tag-france","tag-international","tag-news","tag-world"],"share_on_mastodon":{"url":"https:\/\/pubeurope.com\/@fr\/117188524013067189","error":""},"_links":{"self":[{"href":"https:\/\/www.europesays.com\/fr\/wp-json\/wp\/v2\/posts\/1158607","targetHints":{"allow":["GET"]}}],"collection":[{"href":"https:\/\/www.europesays.com\/fr\/wp-json\/wp\/v2\/posts"}],"about":[{"href":"https:\/\/www.europesays.com\/fr\/wp-json\/wp\/v2\/types\/post"}],"author":[{"embeddable":true,"href":"https:\/\/www.europesays.com\/fr\/wp-json\/wp\/v2\/users\/2"}],"replies":[{"embeddable":true,"href":"https:\/\/www.europesays.com\/fr\/wp-json\/wp\/v2\/comments?post=1158607"}],"version-history":[{"count":0,"href":"https:\/\/www.europesays.com\/fr\/wp-json\/wp\/v2\/posts\/1158607\/revisions"}],"wp:featuredmedia":[{"embeddable":true,"href":"https:\/\/www.europesays.com\/fr\/wp-json\/wp\/v2\/media\/1158608"}],"wp:attachment":[{"href":"https:\/\/www.europesays.com\/fr\/wp-json\/wp\/v2\/media?parent=1158607"}],"wp:term":[{"taxonomy":"category","embeddable":true,"href":"https:\/\/www.europesays.com\/fr\/wp-json\/wp\/v2\/categories?post=1158607"},{"taxonomy":"post_tag","embeddable":true,"href":"https:\/\/www.europesays.com\/fr\/wp-json\/wp\/v2\/tags?post=1158607"}],"curies":[{"name":"wp","href":"https:\/\/api.w.org\/{rel}","templated":true}]}}