{"id":1158611,"date":"2026-08-31T05:44:34","date_gmt":"2026-08-31T05:44:34","guid":{"rendered":"https:\/\/www.europesays.com\/fr\/1158611\/"},"modified":"2026-08-31T05:44:34","modified_gmt":"2026-08-31T05:44:34","slug":"us-open-coup-de-tonnerre-dans-un-grand-chelem-djokovic-elimine-dentree","status":"publish","type":"post","link":"https:\/\/www.europesays.com\/fr\/1158611\/","title":{"rendered":"US Open\u00a0: Coup de tonnerre dans un Grand Chelem, Djokovic \u00e9limin\u00e9 d\u2019entr\u00e9e"},"content":{"rendered":"<p>Une page de l\u2019histoire du tennis est en train de se tourner. Et c\u2019est celle consacr\u00e9e \u00e0 <a href=\"https:\/\/www.20minutes.fr\/sport\/novak_djokovic\/\" target=\"_blank\" class=\"c-link c-link--is-underlined\" rel=\"nofollow noopener\">Novak Djokovic<\/a>. En grande souffrance pendant tout le match, le Serbe a \u00e9t\u00e9 \u00e9limin\u00e9 dimanche soir d\u00e8s le premier tour de l\u2019<a href=\"https:\/\/www.20minutes.fr\/sport\/us_open\/\" target=\"_blank\" class=\"c-link c-link--is-underlined\" rel=\"nofollow noopener\">US Open<\/a>, battu au bout de l\u2019effort par l\u2019Argentin Mariano Navone (49e) 7-6 (7\/5), 5-7, 4-6, 6-2, 6-1.<\/p>\n<\/p>\n<p>L&rsquo;ex-N.1 mondial, d\u00e9sormais 5e, n\u2019avait pas perdu au premier tour d&rsquo;un Grand Chelem depuis plus de vingt ans, \u00e0 l\u2019Open d\u2019Australie en\u00a02006. Cette sortie pr\u00e9coce \u00e9loigne un peu plus encore la perspective de le voir d\u00e9crocher \u00e0 39 ans un 25e sacre record en Grand Chelem.<\/p>\n","protected":false},"excerpt":{"rendered":"Une page de l\u2019histoire du tennis est en train de se tourner. Et c\u2019est celle consacr\u00e9e \u00e0 Novak&hellip;\n","protected":false},"author":2,"featured_media":1158612,"comment_status":"","ping_status":"","sticky":false,"template":"","format":"standard","meta":{"footnotes":"","_share_on_mastodon":"0"},"categories":[2],"tags":[11,73,1011,27,12,6433,517,1467,4172,133],"class_list":["post-1158611","post","type-post","status-publish","format-standard","has-post-thumbnail","category-actualites","tag-actualites","tag-etats-unis","tag-fr","tag-france","tag-news","tag-novak-djokovic","tag-sport","tag-tennis","tag-us-open","tag-video"],"share_on_mastodon":{"url":"","error":""},"_links":{"self":[{"href":"https:\/\/www.europesays.com\/fr\/wp-json\/wp\/v2\/posts\/1158611","targetHints":{"allow":["GET"]}}],"collection":[{"href":"https:\/\/www.europesays.com\/fr\/wp-json\/wp\/v2\/posts"}],"about":[{"href":"https:\/\/www.europesays.com\/fr\/wp-json\/wp\/v2\/types\/post"}],"author":[{"embeddable":true,"href":"https:\/\/www.europesays.com\/fr\/wp-json\/wp\/v2\/users\/2"}],"replies":[{"embeddable":true,"href":"https:\/\/www.europesays.com\/fr\/wp-json\/wp\/v2\/comments?post=1158611"}],"version-history":[{"count":0,"href":"https:\/\/www.europesays.com\/fr\/wp-json\/wp\/v2\/posts\/1158611\/revisions"}],"wp:featuredmedia":[{"embeddable":true,"href":"https:\/\/www.europesays.com\/fr\/wp-json\/wp\/v2\/media\/1158612"}],"wp:attachment":[{"href":"https:\/\/www.europesays.com\/fr\/wp-json\/wp\/v2\/media?parent=1158611"}],"wp:term":[{"taxonomy":"category","embeddable":true,"href":"https:\/\/www.europesays.com\/fr\/wp-json\/wp\/v2\/categories?post=1158611"},{"taxonomy":"post_tag","embeddable":true,"href":"https:\/\/www.europesays.com\/fr\/wp-json\/wp\/v2\/tags?post=1158611"}],"curies":[{"name":"wp","href":"https:\/\/api.w.org\/{rel}","templated":true}]}}