{"id":115862,"date":"2025-05-21T03:18:08","date_gmt":"2025-05-21T03:18:08","guid":{"rendered":"https:\/\/www.europesays.com\/fr\/115862\/"},"modified":"2025-05-21T03:18:08","modified_gmt":"2025-05-21T03:18:08","slug":"meghan-markle-devenir-maman-darchie-et-lilibet-vraiment-pas-comme-elle-limaginait","status":"publish","type":"post","link":"https:\/\/www.europesays.com\/fr\/115862\/","title":{"rendered":"Meghan Markle : devenir maman d\u2019Archie et Lilibet ? Vraiment pas comme elle l\u2019imaginait"},"content":{"rendered":"<p>Le moins, que l\u2019on puisse dire, c\u2019est que <strong>Meghan<br \/>\nMarkle<\/strong> semble mener une vie \u00e0 cent \u00e0 l\u2019heure. En effet,<br \/>\nentre son podcast, sa s\u00e9rie et sa marque, elle est sur tous les<br \/>\nfronts. M\u00eame lib\u00e9r\u00e9e des obligations royales, elle reste donc tr\u00e8s<br \/>\nactive.<\/p>\n<p>Mais ce n\u2019est pas tout. La duchesse de Sussex est aussi maman de<br \/>\ndeux enfants, Archie, n\u00e9 en 2019, et Lilibet qui a vu le jour deux<br \/>\nans plus tard. Et comme l\u2019a r\u00e9cemment r\u00e9v\u00e9l\u00e9 Meghan Markle dans<br \/>\n<a href=\"https:\/\/www.closermag.fr\/royautes\/meghan-markle-son-accord-avec-elizabeth-ii-rompu-apres-une-revelation-offensante-dans-un-nouveau-podcast-3540948\" target=\"_blank\" rel=\"noopener\"><br \/>\nson podcast \u201cConfessions of a female Founder\u00a0\u00bb<\/a>, la maternit\u00e9 lui<br \/>\na r\u00e9serv\u00e9 bien des surprises.<\/p>\n<p>Ce que Meghan Markle pensait faire avec ses enfants avant leur<br \/>\nnaissance<\/p>\n<p>Mardi 20 mai, c\u2019est sur son propre podcast que <strong>la femme<br \/>\ndu prince Harry<\/strong> s\u2019est exprim\u00e9e sur sa maternit\u00e9. Pour<br \/>\ncommencer, elle explique qu\u2019elle a toujours voulu avoir les enfants<br \/>\n: \u201cPour ma part, surtout quand ils sont encore b\u00e9b\u00e9s, et avant<br \/>\nm\u00eame d\u00a0\u00bb\u00eatre maman, j&rsquo;ai toujours r\u00eav\u00e9 d&rsquo;\u00eatre maman. Je me disais :<br \/>\n\u00ab\u00a0Oh l\u00e0 l\u00e0, <strong>je vais faire un discours avec un b\u00e9b\u00e9 sur la<br \/>\nhanche.<\/strong>\u00a0\u00bb J&rsquo;avais une vision toute faite\u201d. Mais<br \/>\nvisiblement, les choses ne se sont pas vraiment pass\u00e9es comme<br \/>\npr\u00e9vues.<\/p>\n<p>\u201cCertes, j&rsquo;ai v\u00e9cu beaucoup de choses ext\u00e9rieures entre mes<br \/>\ndeux grossesses et la naissance de mes deux b\u00e9b\u00e9s. <strong>Mais ce<br \/>\nn&rsquo;\u00e9tait pas comme je l&rsquo;avais imagin\u00e9<\/strong>\u201d, a poursuivi<br \/>\nMeghan Markle. En effet, elle a connu de nombreux chamboulements<br \/>\nentre 2019 et 2021, puisqu\u2019elle s\u2019est \u00e9loign\u00e9e de la famille<br \/>\nroyale.<\/p>\n<p>Archie et Lilibet : une enfance loin<br \/>\ndes projecteurs<\/p>\n<p>Alors qu\u2019avant d\u2019\u00eatre enceinte, Meghan Markle s\u2019imaginait<br \/>\nemmener ses enfants en meeting, <strong>elle a finalement choisi de<br \/>\nles \u00e9loigner des projecteurs.<\/strong> En effet, apr\u00e8s s\u2019\u00eatre<br \/>\nlib\u00e9r\u00e9 des obligations royales, elle a beaucoup moins expos\u00e9 son<br \/>\nfils face aux cam\u00e9ras. Il en est de m\u00eame pour Lilibet, qui tout<br \/>\ncomme son fr\u00e8re, grandit \u00e0 l\u2019abri des cam\u00e9ras \u00e0 Montecito, en<br \/>\nCalifornie. Elle ne montre que tr\u00e8s rarement <a href=\"https:\/\/www.closermag.fr\/royautes\/meghan-markle-un-cliche-darchie-et-lilibet-devoile-par-erreur-et-tout-le-monde-dit-la-meme-chose-3516072\" target=\"_blank\" rel=\"noopener\"><br \/>\nleurs visages<\/a> et la plupart du temps, poste des photos ou ils<br \/>\nsont de dos. De plus, contrairement \u00e0 leurs cousins, <a href=\"https:\/\/www.closermag.fr\/royautes\/meghan-et-harry-les-visages-darchie-et-lilibet-enfin-devoiles-mais-il-faut-de-tres-bons-yeux-3546566\" target=\"_blank\" rel=\"noopener\"><br \/>\nArchie et Lilibet<\/a> n\u2019assistent pas \u00e0 des \u00e9v\u00e8nements publics.<\/p>\n<p>Enfin, bien qu\u2019elle soit tr\u00e8s proche de ses enfants, Meghan<br \/>\nMarkle a toujours garder une vie professionnelle active : \u201cPour<br \/>\nmoi, <strong>il est tr\u00e8s important que mes enfants me voient comme<br \/>\nune m\u00e8re qui travaille<\/strong>\u201d, a-t-elle \u00e9galement<br \/>\nconfi\u00e9.<\/p>\n","protected":false},"excerpt":{"rendered":"Le moins, que l\u2019on puisse dire, c\u2019est que Meghan Markle semble mener une vie \u00e0 cent \u00e0 l\u2019heure.&hellip;\n","protected":false},"author":2,"featured_media":115863,"comment_status":"","ping_status":"","sticky":false,"template":"","format":"standard","meta":{"footnotes":""},"categories":[1359],"tags":[548,58,59,1011,27,908,973],"class_list":{"0":"post-115862","1":"post","2":"type-post","3":"status-publish","4":"format-standard","5":"has-post-thumbnail","7":"category-people","8":"tag-article-simple","9":"tag-divertissement","10":"tag-entertainment","11":"tag-fr","12":"tag-france","13":"tag-meghan-markle","14":"tag-people"},"share_on_mastodon":{"url":"https:\/\/pubeurope.com\/@fr\/114543663711495081","error":""},"_links":{"self":[{"href":"https:\/\/www.europesays.com\/fr\/wp-json\/wp\/v2\/posts\/115862","targetHints":{"allow":["GET"]}}],"collection":[{"href":"https:\/\/www.europesays.com\/fr\/wp-json\/wp\/v2\/posts"}],"about":[{"href":"https:\/\/www.europesays.com\/fr\/wp-json\/wp\/v2\/types\/post"}],"author":[{"embeddable":true,"href":"https:\/\/www.europesays.com\/fr\/wp-json\/wp\/v2\/users\/2"}],"replies":[{"embeddable":true,"href":"https:\/\/www.europesays.com\/fr\/wp-json\/wp\/v2\/comments?post=115862"}],"version-history":[{"count":0,"href":"https:\/\/www.europesays.com\/fr\/wp-json\/wp\/v2\/posts\/115862\/revisions"}],"wp:featuredmedia":[{"embeddable":true,"href":"https:\/\/www.europesays.com\/fr\/wp-json\/wp\/v2\/media\/115863"}],"wp:attachment":[{"href":"https:\/\/www.europesays.com\/fr\/wp-json\/wp\/v2\/media?parent=115862"}],"wp:term":[{"taxonomy":"category","embeddable":true,"href":"https:\/\/www.europesays.com\/fr\/wp-json\/wp\/v2\/categories?post=115862"},{"taxonomy":"post_tag","embeddable":true,"href":"https:\/\/www.europesays.com\/fr\/wp-json\/wp\/v2\/tags?post=115862"}],"curies":[{"name":"wp","href":"https:\/\/api.w.org\/{rel}","templated":true}]}}