{"id":1158620,"date":"2026-08-31T05:50:14","date_gmt":"2026-08-31T05:50:14","guid":{"rendered":"https:\/\/www.europesays.com\/fr\/1158620\/"},"modified":"2026-08-31T05:50:14","modified_gmt":"2026-08-31T05:50:14","slug":"meteo-quel-temps-fera-t-il-a-toulon-et-ses-environs-le-lundi-31-aout-2026","status":"publish","type":"post","link":"https:\/\/www.europesays.com\/fr\/1158620\/","title":{"rendered":"M\u00e9t\u00e9o. Quel temps fera-t-il \u00e0 Toulon et ses environs le lundi 31 ao\u00fbt 2026 ?"},"content":{"rendered":"<p data-ofstats-scroll=\"read_depth_20\">La matin\u00e9e se d\u00e9roulera sous un ciel clair, sans \u00e9volution notable de la n\u00e9bulosit\u00e9, annon\u00e7ant une journ\u00e9e largement ensoleill\u00e9e. Les temp\u00e9ratures resteront stables autour de 22 \u00b0C au lever du jour, puis augmenteront pour atteindre environ 28 \u00b0C en fin de matin\u00e9e. Le vent sera faible ou nul, avec quelques passages \u00e0 5 km\/h et des rafales pouvant atteindre 10 km\/h, tout en tournant du secteur Sud-Est vers Sud-Sud-Ouest. L\u2019humidit\u00e9 diminuera nettement au fil des heures.<\/p>\n<p data-ofstats-scroll=\"read_depth_30\">L\u2019apr\u00e8s-midi prolongera ces conditions calmes avec un ciel parfaitement d\u00e9gag\u00e9, sans \u00e9volution notable. Les temp\u00e9ratures grimperont de 30 \u00b0C en d\u00e9but de p\u00e9riode pour atteindre 33 \u00b0C, puis se stabiliseront jusqu\u2019en fin d\u2019apr\u00e8s-midi, dans une atmosph\u00e8re chaude. Le vent se renforcera, passant de 10 km\/h avec des rafales \u00e0 20 puis 25 km\/h, avant d\u2019atteindre 20 km\/h avec des rafales autour de 40 km\/h. Son orientation \u00e9voluera du Sud-Ouest vers l\u2019Ouest-Sud-Ouest, puis Ouest. L\u2019humidit\u00e9 restera mod\u00e9r\u00e9e.<\/p>\n<p data-ofstats-scroll=\"read_depth_50\">Au cours de la soir\u00e9e, dans le prolongement de cette apr\u00e8s-midi chaude, les temp\u00e9ratures diminueront progressivement, passant de 32 \u00b0C en d\u00e9but de p\u00e9riode \u00e0 26 \u00b0C vers la fin. Le ciel restera d\u00e9gag\u00e9, sans \u00e9volution notable de la n\u00e9bulosit\u00e9. Le vent soufflera d\u2019abord de l\u2019Ouest \u00e0 15 km\/h, avec des rafales pouvant atteindre 40 km\/h, puis faiblira autour de 10 km\/h tout en tournant vers l\u2019Ouest-Nord-Ouest puis le Nord-Ouest, ses rafales se stabilisant autour de 30 km\/h. L\u2019humidit\u00e9 montrera une tendance \u00e0 la hausse.<\/p>\n<p data-ofstats-scroll=\"read_depth_70\">Durant la nuit pr\u00e9c\u00e9dant le mardi 1er septembre 2026, dans la continuit\u00e9 de cette soir\u00e9e plus humide, la temp\u00e9rature restera stable autour de 26 \u00b0C, sans baisse notable jusqu\u2019\u00e0 l\u2019aube. Le vent restera g\u00e9n\u00e9ralement faible, proche de 10 km\/h, avec des rafales pouvant atteindre 20 \u00e0 25 km\/h, avant de faiblir vers 5 h autour de 5 km\/h. La couverture nuageuse restera n\u00e9gligeable, laissant un ciel clair persistant, tandis que l\u2019humidit\u00e9 reculera puis se stabilisera en fin de nuit.<\/p>\n<p data-ofstats-scroll=\"read_depth_90\">Pour la journ\u00e9e de mardi, dans le prolongement de cette nuit douce et d\u00e9gag\u00e9e, la temp\u00e9rature restera cl\u00e9mente au petit matin autour de 24 \u00e0 26 \u00b0C, avant de grimper pour atteindre 31 \u00e0 32 \u00b0C l\u2019apr\u00e8s-midi. Le vent, d\u2019abord quasi nul, se renforcera au fil des heures, passant de 5 km\/h \u00e0 15 km\/h puis redescendant autour de 10 km\/h, avec des rafales pouvant atteindre 35 km\/h, venant successivement du Sud, de l\u2019Ouest-Sud-Ouest puis de l\u2019Ouest. Le ciel, clair en premi\u00e8re partie de journ\u00e9e, se chargera davantage en fin d\u2019apr\u00e8s-midi, tandis que l\u2019humidit\u00e9 diminuera.<\/p>\n<p data-ofstats-scroll=\"read_depth_90\"><a href=\"https:\/\/www.ouest-france.fr\/meteo\/provence-alpes-cote-dazur\/toulon-83000\/\" rel=\"nofollow noopener\" target=\"_blank\">Suivez la m\u00e9t\u00e9o de votre commune en temps r\u00e9el<\/a><\/p>\n<p data-ofstats-scroll=\"read_depth_100\">Ouest-France vous donne \u00e9galement la possibilit\u00e9 de conna\u00eetre la m\u00e9t\u00e9o de votre commune, heure par heure, sur notre page m\u00e9t\u00e9o d\u00e9di\u00e9e<\/p>\n","protected":false},"excerpt":{"rendered":"La matin\u00e9e se d\u00e9roulera sous un ciel clair, sans \u00e9volution notable de la n\u00e9bulosit\u00e9, annon\u00e7ant une journ\u00e9e largement&hellip;\n","protected":false},"author":2,"featured_media":1114935,"comment_status":"","ping_status":"","sticky":false,"template":"","format":"standard","meta":{"footnotes":"","_share_on_mastodon":"0"},"categories":[9619],"tags":[1111,11,1777,674,1011,27,44394,77217,18323,12,882,25,80953,30989,80954,2310],"class_list":["post-1158620","post","type-post","status-publish","format-standard","has-post-thumbnail","category-toulon","tag-actu","tag-actualites","tag-eu","tag-europe","tag-fr","tag-france","tag-la-garde","tag-la-seyne-sur-mer","tag-la-valette-du-var","tag-news","tag-provence-alpes-cote-dazur","tag-republique-francaise","tag-saint-mandrier-sur-mer","tag-six-fours-les-plages","tag-sollies-toucas","tag-toulon"],"share_on_mastodon":{"url":"https:\/\/pubeurope.com\/@fr\/117188560510068101","error":""},"_links":{"self":[{"href":"https:\/\/www.europesays.com\/fr\/wp-json\/wp\/v2\/posts\/1158620","targetHints":{"allow":["GET"]}}],"collection":[{"href":"https:\/\/www.europesays.com\/fr\/wp-json\/wp\/v2\/posts"}],"about":[{"href":"https:\/\/www.europesays.com\/fr\/wp-json\/wp\/v2\/types\/post"}],"author":[{"embeddable":true,"href":"https:\/\/www.europesays.com\/fr\/wp-json\/wp\/v2\/users\/2"}],"replies":[{"embeddable":true,"href":"https:\/\/www.europesays.com\/fr\/wp-json\/wp\/v2\/comments?post=1158620"}],"version-history":[{"count":0,"href":"https:\/\/www.europesays.com\/fr\/wp-json\/wp\/v2\/posts\/1158620\/revisions"}],"wp:featuredmedia":[{"embeddable":true,"href":"https:\/\/www.europesays.com\/fr\/wp-json\/wp\/v2\/media\/1114935"}],"wp:attachment":[{"href":"https:\/\/www.europesays.com\/fr\/wp-json\/wp\/v2\/media?parent=1158620"}],"wp:term":[{"taxonomy":"category","embeddable":true,"href":"https:\/\/www.europesays.com\/fr\/wp-json\/wp\/v2\/categories?post=1158620"},{"taxonomy":"post_tag","embeddable":true,"href":"https:\/\/www.europesays.com\/fr\/wp-json\/wp\/v2\/tags?post=1158620"}],"curies":[{"name":"wp","href":"https:\/\/api.w.org\/{rel}","templated":true}]}}