{"id":1158625,"date":"2026-08-31T05:55:21","date_gmt":"2026-08-31T05:55:21","guid":{"rendered":"https:\/\/www.europesays.com\/fr\/1158625\/"},"modified":"2026-08-31T05:55:21","modified_gmt":"2026-08-31T05:55:21","slug":"je-nai-jamais-vu-un-tel-massacre-la-tempete-a-arrache-les-arbres-par-dizaines-dans-un-parc-de-montpellier","status":"publish","type":"post","link":"https:\/\/www.europesays.com\/fr\/1158625\/","title":{"rendered":"\u00ab\u00a0Je n\u2019ai jamais vu un tel massacre\u00a0\u00bb\u00a0: la temp\u00eate a arrach\u00e9 les arbres par dizaines dans un parc de Montpellier"},"content":{"rendered":"<p>\n                                                                Le domaine de Lussac, situ\u00e9 entre Malbosc et Alco, a pay\u00e9 un lourd tribut \u00e0 la temp\u00eate du 24\u00a0ao\u00fbt. Les copropri\u00e9taires sont d\u00e9munis face \u00e0 l\u2019ampleur des d\u00e9g\u00e2ts.\n                            <\/p>\n<p>Juste au-dessus de l\u2019avenue des Moulins, le domaine de Lussac est un bois priv\u00e9 servant d\u2019\u00e9crin \u00e0 une ancienne \u00ab\u00a0folie\u00a0\u00bb (maison de paisance b\u00e2tie sous l\u2019ancien r\u00e9gime) montpelli\u00e9raine datant du XVIIe\u00a0si\u00e8cle. Il est situ\u00e9 entre Malbosc et Alco, \u00e0 proximit\u00e9 du\u00a0parc Henri Lagattu, class\u00e9 en zone naturelle, qui appartient \u00e0 la Ville.<\/p>\n<p>Ce sont les trois hectares du\u00a0bois priv\u00e9 de Lussac\u00a0qui ont \u00e9t\u00e9 particuli\u00e8rement touch\u00e9s par la temp\u00eate qui a frapp\u00e9 le\u00a0lundi 24\u00a0ao\u00fbt en soir\u00e9e. \u00ab\u00a0J\u2019ai vu un tourbillon passer en soulevant de la poussi\u00e8re\u00a0\u00bb, raconte Anne-Marie Sabatier qui est l\u00e0 depuis 1979, ce qui en fait\u00a0la plus ancienne des\u00a0cinq copropri\u00e9taires.<\/p>\n<p>D\u2019\u00e9normes craquements ont retenti pendant quelques minutes.\u00a0Le lendemain, une visite\u00a0dans le bois a permis de constater l\u2019ampleur des d\u00e9g\u00e2ts. Un premier arbre s\u2019est abattu sur le garage.\u00a0\u00ab\u00a0Les arbres n\u2019ont pas \u00e9t\u00e9 d\u00e9racin\u00e9s mais comme guillotin\u00e9s\u00a0\u00bb, observe Anne-Marie. Leurs troncs pourtant \u00e9normes ont \u00e9t\u00e9 grossi\u00e8rement coup\u00e9s en deux, comme si la partie sup\u00e9rieure avait \u00e9t\u00e9 arrach\u00e9e.<\/p>\n<p>\u00ab\u00a0C\u2019est dur de voir \u00e7a. On venait se promener ici avec les poussettes. Nos\u00a0enfants ont tous grandi ici, ils faisaient des cabanes dans les arbres. C\u2019est arriv\u00e9 qu\u2019une temp\u00eate d\u00e9racine un ou deux arbres, mais je n\u2019ai jamais vu un tel massacre. C\u2019est d\u2019autant plus terrible que des endroits comme \u00e7a sont pr\u00e9cieux face au\u00a0r\u00e9chauffement climatique.\u00a0\u00bb<\/p>\n<p>        <img decoding=\"async\" class=\"std-img__img responsive-img\" src=\"https:\/\/www.europesays.com\/fr\/wp-content\/uploads\/2026\/08\/1788155720_27_image.jpg\" alt=\"Les all\u00e9es du parc ont \u00e9t\u00e9 totalement obstru\u00e9es.\"\/><\/p>\n<p>                Les all\u00e9es du parc ont \u00e9t\u00e9 totalement obstru\u00e9es.<br \/>\n                                    ML &#8211; GR<\/p>\n<p>\u00ab\u00a0Des risques \u00e9normes d\u2019incendie\u00a0\u00bb<\/p>\n<p>\u00ab\u00a0Je suis rentr\u00e9 de vacances en catastrophe, raconte Hubert Girardin, un autre copropri\u00e9taire pr\u00e9sent depuis le d\u00e9but des ann\u00e9es 80. Il y avait des arbres arrach\u00e9s de partout. Regardez, ce pin d\u2019Alep a \u00e9t\u00e9 coup\u00e9 \u00e0 une quinzaine de m\u00e8tres de hauteur. Et l\u00e0, des ch\u00eanes verts et blancs qui sont tomb\u00e9s. Ce cypr\u00e8s a perdu ses branches. Seuls les c\u00e8dres du Liban ont mieux r\u00e9sist\u00e9\u00a0\u00bb.<\/p>\n<p>Les all\u00e9es qui pars\u00e8ment le parc sont d\u00e9sormais obstru\u00e9es par d\u2019\u00e9normes branches qui se sont abattues au sol. \u00ab\u00a0Ce qui m\u2019inqui\u00e8te, c\u2019est que les pompiers ne peuvent plus passer. Et que si\u00a0on n\u2019enl\u00e8ve pas\u00a0avant le printemps les arbres qui sont au sol, on a des risques d\u2019incendie \u00e9normes \u00e0 cause des aiguilles de pin qui vont s\u00e9cher.\u00a0\u00bb<\/p>\n<p>\u00ab\u00a0On a toujours entretenu le parc, mais on n\u2019a pas les moyens de faire enlever les dizaines d\u2019arbres qui sont tomb\u00e9s. Faire venir une grue pour enlever un arbre\u00a0qui mena\u00e7ait de tomber, \u00e7a nous a co\u00fbt\u00e9 plus de 3\u00a0000\u00a0euros. Et je ne parle m\u00eame pas de le d\u00e9biter ou de le faire enlever.\u00a0\u00bb<\/p>\n<p>\u00ab\u00a0Nous sommes assur\u00e9s en responsabilit\u00e9 civile, par exemple si un arbre tombe un voisin.\u00a0Mais \u00e0 l\u2019int\u00e9rieur du parc, on n\u2019est pas assur\u00e9 pour les arbres qui tombent. L\u2019id\u00e9al serait qu\u2019un arr\u00eat\u00e9 pr\u00e9fectoral de catastrophe naturelle soit pris\u00a0\u00bb. Ce ne sera pas le cas, comme l\u2019a annonc\u00e9 la pr\u00e9fecture de l\u2019H\u00e9rault (lire ci-dessous).<\/p>\n<p>        <img decoding=\"async\" class=\"std-img__img responsive-img\" src=\"https:\/\/www.europesays.com\/fr\/wp-content\/uploads\/2026\/08\/1788155721_652_image.jpg\" alt=\"Les racines ont r\u00e9sist\u00e9 mais les troncs ont \u00e9t\u00e9 d\u00e9capit\u00e9s\"\/><\/p>\n<p>                Les racines ont r\u00e9sist\u00e9 mais les troncs ont \u00e9t\u00e9 d\u00e9capit\u00e9s<br \/>\n                                    ML &#8211; GR<\/p>\n<p>    Pas d\u2019arr\u00eat\u00e9 de catastrophe naturelle<\/p>\n<p>De nombreux maires de l\u2019H\u00e9rault avaient sollicit\u00e9 un arr\u00eat\u00e9 de catastrophe naturelle, au vu des importants d\u00e9g\u00e2ts caus\u00e9s par la temp\u00eate dans leur commune. Ils\u00a0ont tous re\u00e7u le m\u00eame courrier de la secr\u00e9taire g\u00e9n\u00e9rale de la pr\u00e9fecture, V\u00e9ronique Martin Saint L\u00e9on.<\/p>\n<p>\u00ab\u00a0Je vous informe que ces dommages provoqu\u00e9s par les vents ne peuvent pas \u00eatre couverts par la garantie catastrophe naturelle. En effet, par d\u00e9finition, les \u00ab\u00a0vents cycloniques\u00a0\u00bb sont des vents tropicaux. Ainsi ces dommages sont obligatoirement pris en charge dans les contrats d\u2019assurance dommage avec la garantie \u00ab\u00a0Temp\u00eate, Neige et Gr\u00eale\u00a0\u00bb dite TNG.\u00a0\u00bb<\/p>\n<p>En France, seuls les \u00ab\u00a0vents cycloniques\u00a0\u00bb pouvant toucher les territoires ultramarins peuvent \u00eatre couverts par la garantie catastrophe naturelle.<\/p>\n<p>Et de pr\u00e9ciser que cette garantie\u00a0est \u00ab\u00a0mise en \u0153uvre par les assureurs sans qu\u2019une\u00a0reconnaissance de l\u2019\u00e9tat\u00a0de catastrophe naturelle ne\u00a0soit n\u00e9cessaire\u00a0\u00bb. Il revient donc aux administr\u00e9s de v\u00e9rifier que cette garantie est incluse dans leur assurance personnelle.<\/p>\n<p>Le\u00a0refus de l\u2019\u00c9tat\u00a0passe mal aupr\u00e8s des \u00e9lus. \u00ab\u00a0L\u2019attente des gens c\u2019est que le sinistre soit reconnu comme quelque chose d\u2019important. Pour eux, ne pas reconna\u00eetre catastrophe naturelle, c\u2019est ne pas prendre en compte ce qu\u2019ils ont v\u00e9cu lors de cette soir\u00e9e\u00a0\u00bb, souligne Claude Val\u00e9ro, maire de Paulhan.<\/p>\n<p>Le s\u00e9nateur Hussein Bourgi a d\u00e9pos\u00e9 une proposition de loi visant \u00e0 faire \u00e9voluer la loi datant de 1982 et adapt\u00e9e en 2000. Selon lui, il est n\u00e9cessaire de l\u2019adapter au d\u00e9r\u00e8glement\u00a0climatique qui se traduit par de plus en plus d\u2019\u00e9v\u00e9nements violents. La temp\u00eate du 24\u00a0ao\u00fbt n\u2019en est que le dernier exemple.<\/p>\n<p>Les deux tiers du parc donn\u00e9s \u00e0 la Ville\u00a0?<\/p>\n<p>Les r\u00e9sidants n\u2019ont toutefois pas attendu cette temp\u00eate pour pr\u00e9parer l\u2019avenir. En octobre dernier, ils avaient propos\u00e9\u00a0\u00e0 la ville de Montpellier de lui donner deux des trois hectares du bois de Lussac. Sachant que la collectivit\u00e9\u00a0poss\u00e8de d\u00e9j\u00e0 des terrains mitoyens. \u00ab\u00a0C\u2019est exactement dans l\u2019axe de la coul\u00e9e verte reliant le parc Malbosc au conseil d\u00e9partemental, pr\u00e9vu dans le Plan local d\u2019urbanisme\u00a0\u00bb, souligne Hubert Girardin.<\/p>\n<p>\u00ab\u00a0Cela permettrait aux\u00a0habitants de Malbosc de profiter du parc. En \u00e9t\u00e9, il y fait toujours quelques degr\u00e9s de moins. Le bois\u00a0pourrait aussi \u00eatre emprunt\u00e9 par\u00a0le chemin de Saint-Jacques-de-Compostelle, qui passe juste \u00e0 c\u00f4t\u00e9. \u00c0 terme, je n\u2019ai aucun doute\u00a0: le parc deviendra public.\u00a0\u00bb<\/p>\n<p>Le parc ne manque pas d\u2019atouts. En dehors des arbres arrach\u00e9s, aucun ne semble avoir souffert de la canicule et de l\u2019exceptionnelle\u00a0s\u00e9cheresse qui r\u00e8gne depuis plusieurs mois. \u00ab\u00a0C\u2019est parce qu\u2019il y a une nappe d\u2019eau \u00e0 cinq ou six m\u00e8tres de profondeur. Avant, il y avait m\u00eame une source au milieu du parc. Et un puits au domaine o\u00f9 on puisait de l\u2019eau. C\u2019est certainement pour cela que cette folie a \u00e9t\u00e9 construite ici\u00a0\u00bb.<\/p>\n","protected":false},"excerpt":{"rendered":"Le domaine de Lussac, situ\u00e9 entre Malbosc et Alco, a pay\u00e9 un lourd tribut \u00e0 la temp\u00eate du&hellip;\n","protected":false},"author":2,"featured_media":1158626,"comment_status":"","ping_status":"","sticky":false,"template":"","format":"standard","meta":{"footnotes":"","_share_on_mastodon":"0"},"categories":[9599],"tags":[1111,11,1777,674,118,1011,27,7089,2208,12,2680,25],"class_list":["post-1158625","post","type-post","status-publish","format-standard","has-post-thumbnail","category-montpellier","tag-actu","tag-actualites","tag-eu","tag-europe","tag-faits-divers","tag-fr","tag-france","tag-herault","tag-montpellier","tag-news","tag-occitanie","tag-republique-francaise"],"share_on_mastodon":{"url":"https:\/\/pubeurope.com\/@fr\/117188581547482806","error":""},"_links":{"self":[{"href":"https:\/\/www.europesays.com\/fr\/wp-json\/wp\/v2\/posts\/1158625","targetHints":{"allow":["GET"]}}],"collection":[{"href":"https:\/\/www.europesays.com\/fr\/wp-json\/wp\/v2\/posts"}],"about":[{"href":"https:\/\/www.europesays.com\/fr\/wp-json\/wp\/v2\/types\/post"}],"author":[{"embeddable":true,"href":"https:\/\/www.europesays.com\/fr\/wp-json\/wp\/v2\/users\/2"}],"replies":[{"embeddable":true,"href":"https:\/\/www.europesays.com\/fr\/wp-json\/wp\/v2\/comments?post=1158625"}],"version-history":[{"count":0,"href":"https:\/\/www.europesays.com\/fr\/wp-json\/wp\/v2\/posts\/1158625\/revisions"}],"wp:featuredmedia":[{"embeddable":true,"href":"https:\/\/www.europesays.com\/fr\/wp-json\/wp\/v2\/media\/1158626"}],"wp:attachment":[{"href":"https:\/\/www.europesays.com\/fr\/wp-json\/wp\/v2\/media?parent=1158625"}],"wp:term":[{"taxonomy":"category","embeddable":true,"href":"https:\/\/www.europesays.com\/fr\/wp-json\/wp\/v2\/categories?post=1158625"},{"taxonomy":"post_tag","embeddable":true,"href":"https:\/\/www.europesays.com\/fr\/wp-json\/wp\/v2\/tags?post=1158625"}],"curies":[{"name":"wp","href":"https:\/\/api.w.org\/{rel}","templated":true}]}}