{"id":1158635,"date":"2026-08-31T06:03:22","date_gmt":"2026-08-31T06:03:22","guid":{"rendered":"https:\/\/www.europesays.com\/fr\/1158635\/"},"modified":"2026-08-31T06:03:22","modified_gmt":"2026-08-31T06:03:22","slug":"des-ce-lundi-trois-semaines-de-perturbations-a-prevoir-sur-cette-autoroute-tres-frequentee-au-nord-de-strasbourg","status":"publish","type":"post","link":"https:\/\/www.europesays.com\/fr\/1158635\/","title":{"rendered":"D\u00e8s ce lundi, trois semaines de perturbations \u00e0 pr\u00e9voir sur cette autoroute tr\u00e8s fr\u00e9quent\u00e9e au nord de Strasbourg"},"content":{"rendered":"<p>                    Par<br \/>\n        <strong><br \/>\n            <a href=\"https:\/\/actu.fr\/auteur\/lucas-poirot\" title=\"Consulter tous les articles de Lucas Poirot\" rel=\"nofollow noopener\" target=\"_blank\">Lucas Poirot<\/a><br \/>\n                    <\/strong><\/p>\n<p>        Publi\u00e9 le<\/p>\n<p>            31 ao\u00fbt 2026 \u00e0 7h02        <\/p>\n<p>Il faudra vous armer de patience si vous devez emprunter cet axe dans les prochains jours. D\u00e8s ce <strong>lundi 31 ao\u00fbt, 8h<\/strong>, des <a href=\"https:\/\/actu.fr\/tag\/travaux\" rel=\"nofollow noopener\" target=\"_blank\">travaux<\/a> vont <strong>perturber le trafic<\/strong> sur <a href=\"https:\/\/actu.fr\/tag\/autoroute-35-a35\" rel=\"nofollow noopener\" target=\"_blank\">l\u2019autoroute A35<\/a> au nord de <a href=\"https:\/\/actu.fr\/strasbourg\/\" rel=\"nofollow noopener\" target=\"_blank\">Strasbourg<\/a>, pr\u00e8s de la fronti\u00e8re avec <a href=\"https:\/\/actu.fr\/tag\/allemagne\" rel=\"nofollow noopener\" target=\"_blank\">l\u2019Allemagne<\/a>. Voici ce qui vous attend.\u00a0<\/p>\n<p>Trois semaines de perturbations sur l\u2019A35<\/p>\n<p class=\" wall-content\">Lanc\u00e9s le 31 ao\u00fbt, des <strong>travaux sur ouvrage d\u2019art<\/strong> (pont), \u00e0 hauteur de Neewiller-pr\u00e8s-Lauterbourg (<a href=\"https:\/\/actu.fr\/grand-est\/bas-rhin_67\" rel=\"nofollow noopener\" target=\"_blank\">Bas-Rhin<\/a>), dans le <strong>sens Lauterbourg vers Strasbourg, <\/strong>vont entra\u00eener des <strong>difficult\u00e9s<\/strong> de circulation pour les automobilistes.<\/p>\n<p class=\" wall-content\">Les op\u00e9rations doivent durer <strong>trois semaines<\/strong>, jusqu\u2019au <strong>18 septembre.<\/strong>\u00a0<\/p>\n<p>    <a href=\"https:\/\/www.google.com\/maps\/embed?pb=!1m18!1m12!1m3!1d24926.52990330586!2d8.121498430940033!3d48.95198719947432!2m3!1f0!2f0!3f0!3m2!1i1024!2i768!4f13.1!3m3!1m2!1s0x4796fc84423e6ffd%3A0x40a5fb99a394f80!2s67630%20Neewiller-pr%C3%A8s-Lauterbourg!5e0!3m2!1sfr!2sfr!4v1787583666146!5m2!1sfr!2sfr\" title=\"Ouvrie le lien\" rel=\"nofollow noopener\" target=\"_blank\">Cliquez ici pour visualiser le contenu<\/a><\/p>\n<p>Plusieurs phases de travaux\u00a0<\/p>\n<p class=\" wall-content\">Le chantier sera r\u00e9alis\u00e9 en <strong>trois phases.<\/strong> La <strong>premi\u00e8re<\/strong>\u00a0se d\u00e9roulera du <strong>31 ao\u00fbt minuit<\/strong> au <strong>7 septembre 8h.<\/strong> La circulation sera <strong>bascul\u00e9e<\/strong> dans le <strong>sens oppos\u00e9<\/strong> (Strasbourg-Lauterbourg) sur deux kilom\u00e8tres. Une <strong>limitation de vitesse \u00e0 80 km\/h<\/strong> sera mise en place dans les <strong>deux sens dans la zone de chantier.\u00a0<\/strong><\/p>\n<p class=\" wall-content\">La <strong>seconde<\/strong> phase d\u00e9butera le <strong>7 septembre \u00e0 8h<\/strong> pour s\u2019achever le <strong>14 septembre \u00e0 6h.<\/strong> Durant cette p\u00e9riode, les <strong>voies rapides<\/strong> seront <strong>neutralis\u00e9es<\/strong> dans les <strong>deux sens.\u00a0<\/strong><\/p>\n<p class=\" wall-content\">La <strong>troisi\u00e8me<\/strong> et <strong>derni\u00e8re phase<\/strong> est pr\u00e9vue entre le <strong>14 septembre 6h<\/strong> et le <strong>18 septembre minuit<\/strong>, selon les m\u00eames modalit\u00e9s que la phase n\u00b01.<\/p>\n<p class=\" wall-content\">\u00ab\u00a0En cas <strong>d\u2019intemp\u00e9ries<\/strong> ou de <strong>probl\u00e8mes techniques<\/strong>, les travaux sont <strong>susceptibles d\u2019\u00eatre report\u00e9s<\/strong>\u00ab\u00a0, pr\u00e9cise la pr\u00e9fecture du Bas-Rhin.\u00a0<\/p>\n<p class=\" wall-content\">Personnalisez votre actualit\u00e9 en ajoutant vos villes et m\u00e9dias en favori avec <a href=\"https:\/\/moncompte.actu.fr\" title=\"D\u00e9couvez Mon Actu\" rel=\"nofollow noopener\" data-trk=\"{&quot;cta&quot;:{&quot;action&quot;:&quot;https:\\\/\\\/moncompte.actu.fr&quot;,&quot;category&quot;:&quot;mon compte&quot;,&quot;from&quot;:&quot;article footer&quot;,&quot;name&quot;:&quot;Mon actu&quot;,&quot;type&quot;:&quot;cta&quot;}}\" target=\"_blank\">Mon Actu<\/a>.<\/p>\n","protected":false},"excerpt":{"rendered":"Par Lucas Poirot Publi\u00e9 le 31 ao\u00fbt 2026 \u00e0 7h02 Il faudra vous armer de patience si vous&hellip;\n","protected":false},"author":2,"featured_media":914682,"comment_status":"","ping_status":"","sticky":false,"template":"","format":"standard","meta":{"footnotes":"","_share_on_mastodon":"0"},"categories":[2820],"tags":[1111,11,16458,3542,1777,674,1011,27,775,12,25,104,640,2086],"class_list":["post-1158635","post","type-post","status-publish","format-standard","has-post-thumbnail","category-strasbourg","tag-actu","tag-actualites","tag-autoroute-35-a35","tag-circulation","tag-eu","tag-europe","tag-fr","tag-france","tag-grand-est","tag-news","tag-republique-francaise","tag-societe","tag-strasbourg","tag-travaux"],"share_on_mastodon":{"url":"https:\/\/pubeurope.com\/@fr\/117188611839948139","error":""},"_links":{"self":[{"href":"https:\/\/www.europesays.com\/fr\/wp-json\/wp\/v2\/posts\/1158635","targetHints":{"allow":["GET"]}}],"collection":[{"href":"https:\/\/www.europesays.com\/fr\/wp-json\/wp\/v2\/posts"}],"about":[{"href":"https:\/\/www.europesays.com\/fr\/wp-json\/wp\/v2\/types\/post"}],"author":[{"embeddable":true,"href":"https:\/\/www.europesays.com\/fr\/wp-json\/wp\/v2\/users\/2"}],"replies":[{"embeddable":true,"href":"https:\/\/www.europesays.com\/fr\/wp-json\/wp\/v2\/comments?post=1158635"}],"version-history":[{"count":0,"href":"https:\/\/www.europesays.com\/fr\/wp-json\/wp\/v2\/posts\/1158635\/revisions"}],"wp:featuredmedia":[{"embeddable":true,"href":"https:\/\/www.europesays.com\/fr\/wp-json\/wp\/v2\/media\/914682"}],"wp:attachment":[{"href":"https:\/\/www.europesays.com\/fr\/wp-json\/wp\/v2\/media?parent=1158635"}],"wp:term":[{"taxonomy":"category","embeddable":true,"href":"https:\/\/www.europesays.com\/fr\/wp-json\/wp\/v2\/categories?post=1158635"},{"taxonomy":"post_tag","embeddable":true,"href":"https:\/\/www.europesays.com\/fr\/wp-json\/wp\/v2\/tags?post=1158635"}],"curies":[{"name":"wp","href":"https:\/\/api.w.org\/{rel}","templated":true}]}}