{"id":1158641,"date":"2026-08-31T06:07:13","date_gmt":"2026-08-31T06:07:13","guid":{"rendered":"https:\/\/www.europesays.com\/fr\/1158641\/"},"modified":"2026-08-31T06:07:13","modified_gmt":"2026-08-31T06:07:13","slug":"pres-de-nantes-un-brunch-sera-organise-chaque-mois-par-une-association","status":"publish","type":"post","link":"https:\/\/www.europesays.com\/fr\/1158641\/","title":{"rendered":"Pr\u00e8s de Nantes : un brunch sera organis\u00e9 chaque mois par une association"},"content":{"rendered":"<p>                    Par<br \/>\n        <strong><br \/>\n            <a href=\"https:\/\/actu.fr\/auteur\/thomas-bernard\" title=\"Consulter tous les articles de Thomas Bernard\" rel=\"nofollow noopener\" target=\"_blank\">Thomas Bernard<\/a><br \/>\n                    <\/strong><\/p>\n<p>        Publi\u00e9 le<\/p>\n<p>            31 ao\u00fbt 2026 \u00e0 7h30        <\/p>\n<p>Chasse aux \u0153ufs, vide-greniers ou vide-dressing, <a href=\"https:\/\/www.facebook.com\/ALF44\/?locale=fr_FR\" rel=\"nofollow noopener\" target=\"_blank\">l\u2019association Loisirs familles 44 (ALF44) <\/a>organise r\u00e9guli\u00e8rement des festivit\u00e9s dans le quartier Bellevue, \u00e0 Saint-Herblain. D\u00e8s la rentr\u00e9e, ALF 44 annonce une nouvelle animation.<\/p>\n<p>Un rendez-vous mensuel<\/p>\n<p class=\" wall-content\">Dans un communiqu\u00e9 de presse transmis \u00e0 la r\u00e9daction d\u2019actu Nantes, ALF 44 annonce <b>un nouveau concept avec le lancement des \u00ab\u2009Brunchs ALF 44\u2009\u00bb<\/b>. Selon l\u2019association, les brunchs devraient \u00eatre organis\u00e9s mensuellement jusqu\u2019en juin\u00a02027.<\/p>\n<p>    <a href=\"https:\/\/www.facebook.com\/plugins\/post.php?href=https%3A%2F%2Fwww.facebook.com%2FALF44%2Fposts%2Fpfbid02DmVpvjBUHV5DcjCbx1jH5c4rzX3cn9LR7bNV1jJruyaFqLQyc8QPwsWQhd6sUtNol&amp;show_text=true&amp;width=350\" title=\"Ouvrie le lien\" rel=\"nofollow noopener\" target=\"_blank\">Cliquez ici pour visualiser le contenu<\/a><\/p>\n<p class=\" wall-content\">Une participation minimale de trois euros est demand\u00e9e.<b> Le premier brunch sera organis\u00e9 samedi 12\u00a0septembre 2026, de 10\u2009h \u00e0 12\u2009h\u200945<\/b>, \u00e0 la salle du Jardin au centre socioculturel Le Grand B, 11 rue de Dijon \u00e0 Saint-Herblain.<\/p>\n<p class=\" wall-content\">Personnalisez votre actualit\u00e9 en ajoutant vos villes et m\u00e9dias en favori avec <a href=\"https:\/\/moncompte.actu.fr\" title=\"D\u00e9couvez Mon Actu\" rel=\"nofollow noopener\" data-trk=\"{&quot;cta&quot;:{&quot;action&quot;:&quot;https:\\\/\\\/moncompte.actu.fr&quot;,&quot;category&quot;:&quot;mon compte&quot;,&quot;from&quot;:&quot;article footer&quot;,&quot;name&quot;:&quot;Mon actu&quot;,&quot;type&quot;:&quot;cta&quot;}}\" target=\"_blank\">Mon Actu<\/a>.<\/p>\n","protected":false},"excerpt":{"rendered":"Par Thomas Bernard Publi\u00e9 le 31 ao\u00fbt 2026 \u00e0 7h30 Chasse aux \u0153ufs, vide-greniers ou vide-dressing, l\u2019association Loisirs&hellip;\n","protected":false},"author":2,"featured_media":1158642,"comment_status":"","ping_status":"","sticky":false,"template":"","format":"standard","meta":{"footnotes":"","_share_on_mastodon":"0"},"categories":[2818],"tags":[1111,11,1063,902,1777,674,1011,27,1652,766,12,2636,25],"class_list":["post-1158641","post","type-post","status-publish","format-standard","has-post-thumbnail","category-nantes","tag-actu","tag-actualites","tag-animations","tag-cuisine","tag-eu","tag-europe","tag-fr","tag-france","tag-loisirs-culture","tag-nantes","tag-news","tag-pays-de-la-loire","tag-republique-francaise"],"share_on_mastodon":{"url":"https:\/\/pubeurope.com\/@fr\/117188627486576114","error":""},"_links":{"self":[{"href":"https:\/\/www.europesays.com\/fr\/wp-json\/wp\/v2\/posts\/1158641","targetHints":{"allow":["GET"]}}],"collection":[{"href":"https:\/\/www.europesays.com\/fr\/wp-json\/wp\/v2\/posts"}],"about":[{"href":"https:\/\/www.europesays.com\/fr\/wp-json\/wp\/v2\/types\/post"}],"author":[{"embeddable":true,"href":"https:\/\/www.europesays.com\/fr\/wp-json\/wp\/v2\/users\/2"}],"replies":[{"embeddable":true,"href":"https:\/\/www.europesays.com\/fr\/wp-json\/wp\/v2\/comments?post=1158641"}],"version-history":[{"count":0,"href":"https:\/\/www.europesays.com\/fr\/wp-json\/wp\/v2\/posts\/1158641\/revisions"}],"wp:featuredmedia":[{"embeddable":true,"href":"https:\/\/www.europesays.com\/fr\/wp-json\/wp\/v2\/media\/1158642"}],"wp:attachment":[{"href":"https:\/\/www.europesays.com\/fr\/wp-json\/wp\/v2\/media?parent=1158641"}],"wp:term":[{"taxonomy":"category","embeddable":true,"href":"https:\/\/www.europesays.com\/fr\/wp-json\/wp\/v2\/categories?post=1158641"},{"taxonomy":"post_tag","embeddable":true,"href":"https:\/\/www.europesays.com\/fr\/wp-json\/wp\/v2\/tags?post=1158641"}],"curies":[{"name":"wp","href":"https:\/\/api.w.org\/{rel}","templated":true}]}}