{"id":1158652,"date":"2026-08-31T06:16:41","date_gmt":"2026-08-31T06:16:41","guid":{"rendered":"https:\/\/www.europesays.com\/fr\/1158652\/"},"modified":"2026-08-31T06:16:41","modified_gmt":"2026-08-31T06:16:41","slug":"meteo-31-aout-marseille-file-vers-31c-pendant-que-lille-reste-sous-la-pluie-et-20c","status":"publish","type":"post","link":"https:\/\/www.europesays.com\/fr\/1158652\/","title":{"rendered":"M\u00e9t\u00e9o 31 ao\u00fbt : Marseille file vers 31\u00b0C pendant que Lille reste sous la pluie et 20\u00b0C"},"content":{"rendered":"<p>\t\t\t\t&#13;<\/p>\n<ol class=\"w-full flex justify-start items-start mb-2 p-0 tdn-breadcrumb list-none text-base\" itemscope=\"\" itemtype=\"https:\/\/schema.org\/BreadcrumbList\">&#13;<br \/>\n&#13;<\/p>\n<li itemprop=\"itemListElement\" itemscope=\"\" itemtype=\"https:\/\/schema.org\/ListItem\" class=\"mr-1 flex items-center\">&#13;<br \/>\n\t\t<a itemprop=\"item\" class=\"text-gray-500 flex items-center\" href=\"https:\/\/www.letribunaldunet.fr\" rel=\"nofollow noopener\" target=\"_blank\">&#13;<br \/>\n\t\t\t<img loading=\"lazy\" decoding=\"async\" src=\"https:\/\/www.letribunaldunet.fr\/wp-content\/themes\/letribunaldunet-v2\/img\/icon-home-grey.svg\" alt=\"\" width=\"24\" height=\"24\"\/>&#13;<br \/>\n\t\t\tTDN &gt;&#13;<br \/>\n\t\t<\/a>&#13;<br \/>\n\t\t&#13;\n\t<\/li>\n<p>&#13;<br \/>\n&#13;<\/p>\n<li itemprop=\"itemListElement\" itemscope=\"\" itemtype=\"https:\/\/schema.org\/ListItem\" class=\"mr-1 flex items-center\">&#13;<br \/>\n\t\t\t\t\t<a itemprop=\"item\" class=\"text-gray-500 flex items-center\" href=\"https:\/\/www.letribunaldunet.fr\/meteo\" rel=\"nofollow noopener\" target=\"_blank\">&#13;<br \/>\n\t\t\t\t\t\tM\u00e9t\u00e9o&#13;<br \/>\n\t\t\t\t\t<\/a>&#13;<br \/>\n\t\t\t\t\t&#13;\n\t\t\t\t<\/li>\n<p>&#13;<br \/>\n\t\t\t&#13;<br \/>\n\t&#13;\n<\/ol>\n<p>\t\t\t\t\t\tPubli\u00e9 par<br \/>\n\t\t\t\t\t\t<a href=\"https:\/\/www.letribunaldunet.fr\/author\/elsa\" rel=\"nofollow noopener\" target=\"_blank\"><br \/>\n\t\t\t\t\t\t\t<b class=\"text-blue\"><br \/>\n\t\t\t\t\t\t\t\tElsa Fanjul\t\t\t\t\t\t\t<\/b><br \/>\n\t\t\t\t\t\t<\/a><br \/>\n\t\t\t\t\t\t\t\t\t\t\t\t\t\t\t<b>le 31 Ao\u00fbt 2026 \u00e0 7:01<\/b><\/p>\n<p class=\"wp-block-paragraph\">Ce lundi 31 ao\u00fbt marque un vrai jour de bascule m\u00e9t\u00e9o. Pendant que le Sud profite d\u2019un \u00e9t\u00e9 qui s\u2019accroche, le Nord et l\u2019Ouest doivent encore composer avec des restes pluvieux. Un contraste qui va progressivement s\u2019estomper au fil de la semaine.<\/p>\n<p class=\"wp-block-paragraph\">Entre Lille sous les nuages gris et Marseille en plein soleil, l\u2019\u00e9cart de temp\u00e9rature d\u00e9passe all\u00e8grement les 10\u00b0C. De quoi donner deux ambiances totalement diff\u00e9rentes selon la r\u00e9gion o\u00f9 l\u2019on se trouve.<\/p>\n<p>Un lundi coup\u00e9 en deux entre pluie et soleil<\/p>\n<p class=\"wp-block-paragraph\">\u00c0 Paris, la journ\u00e9e d\u00e9marre sous des averses faibles avec 18\u00b0C au r\u00e9veil, avant de grimper jusqu\u2019\u00e0 24\u00b0C l\u2019apr\u00e8s-midi. Le vent souffle \u00e0 20 km\/h, de quoi acc\u00e9l\u00e9rer le s\u00e9chage entre deux ond\u00e9es.<\/p>\n<p><img decoding=\"async\" width=\"1200\" height=\"669\" fetchpriority=\"high\" src=\"https:\/\/www.europesays.com\/fr\/wp-content\/uploads\/2026\/08\/femme-sous-la-pluie-avec-parapluie-a-paris-76.jpg\" alt=\"Femme sous la pluie avec parapluie \u00e0 Paris\" class=\"wp-image-1287719\"  \/><\/p>\n<p class=\"wp-block-paragraph\">Plus au nord, Lille encaisse une pluie plus franche avec 5,6 mm attendus et un vent qui monte \u00e0 27 km\/h. Les temp\u00e9ratures restent modestes, entre 16\u00b0C et 20\u00b0C sur l\u2019ensemble de la journ\u00e9e.<\/p>\n<p class=\"wp-block-paragraph\">Brest n\u2019\u00e9chappe pas non plus \u00e0 l\u2019humidit\u00e9, avec une bruine l\u00e9g\u00e8re et un maximum plafonn\u00e9 \u00e0 21\u00b0C. Le littoral breton reste fid\u00e8le \u00e0 sa r\u00e9putation de zone la plus arros\u00e9e de l\u2019Hexagone.<\/p>\n<p class=\"wp-block-paragraph\">\u00c0 l\u2019oppos\u00e9, <a href=\"https:\/\/www.letribunaldunet.fr\/meteo\/meteo-25-aout-lyon-toulouse-strasbourg-pluie.html\" rel=\"nofollow noopener\" target=\"_blank\">Toulouse et Bordeaux<\/a> jouent la carte du temps sec, avec un ciel couvert mais sans une goutte de pluie annonc\u00e9e. Bordeaux grimpe jusqu\u2019\u00e0 26\u00b0C, Toulouse fait aussi bien.<\/p>\n<p>Marseille conserve son statut de star de l\u2019\u00e9t\u00e9<\/p>\n<p class=\"wp-block-paragraph\">Sans surprise, c\u2019est encore Marseille qui rafle la mise ce lundi. Le ciel reste principalement clair et le thermom\u00e8tre grimpe jusqu\u2019\u00e0 31\u00b0C, un chiffre qui tranche nettement avec le reste du pays.<\/p>\n<p><img loading=\"lazy\" decoding=\"async\" width=\"1200\" height=\"669\" src=\"data:image\/svg+xml,%3Csvg%20xmlns=\" http:=\"\" alt=\"Jeune femme profitant du soleil \u00e0 Marseille\" class=\"wp-image-1287720\" data-lazy- data-lazy- data-lazy-src=\"https:\/\/www.europesays.com\/fr\/wp-content\/uploads\/2026\/08\/jeune-femme-profitant-du-soleil-a-marseille-61.jpg\"\/><\/p>\n<p class=\"wp-block-paragraph\">Seul b\u00e9mol : un vent qui monte \u00e0 27 km\/h en fin de journ\u00e9e, capable de faire voler les serviettes de plage sans pr\u00e9venir. L\u2019indice UV atteint 7, un niveau qui justifie encore cr\u00e8me solaire et chapeau.<\/p>\n<p class=\"wp-block-paragraph\">Lyon suit une trajectoire proche avec un maximum \u00e0 29\u00b0C, mais sous un ciel couvert qui limite les sensations estivales. Strasbourg, elle, doit composer avec un risque d\u2019orage et 4,5 mm de pluie pr\u00e9vus dans la journ\u00e9e.<\/p>\n<p class=\"wp-block-paragraph\">Ce grand \u00e9cart entre r\u00e9gions ne va pas durer ind\u00e9finiment. D\u00e8s demain, la carte m\u00e9t\u00e9o de la France change s\u00e9rieusement de visage.<\/p>\n<p>Mardi : la pluie recule, le sec s\u2019installe partout<\/p>\n<p class=\"wp-block-paragraph\">Le mardi 1er septembre apporte un vrai soulagement pour les zones les plus arros\u00e9es. Paris repasse en mode sec avec un ciel simplement couvert, une pluie nulle et un vent qui retombe \u00e0 seulement 10 km\/h.<\/p>\n<p class=\"wp-block-paragraph\">Lille et Brest suivent le mouvement avec elles aussi 0 mm de pluie annonc\u00e9, un vrai changement apr\u00e8s le lundi humide. Les temp\u00e9ratures grimpent l\u00e9g\u00e8rement partout, Lille visant 22\u00b0C et Brest 21\u00b0C.<\/p>\n<p class=\"wp-block-paragraph\">Strasbourg profite \u00e9galement de cette accalmie g\u00e9n\u00e9ralis\u00e9e, avec un maximum \u00e0 24\u00b0C et un vent quasi nul \u00e0 9 km\/h. Seul le ciel reste charg\u00e9 de nuages, sans cons\u00e9quence sur les activit\u00e9s ext\u00e9rieures.<\/p>\n<p class=\"wp-block-paragraph\">C\u00f4t\u00e9 Sud, rien ne change vraiment : Marseille conserve ses 30\u00b0C, Toulouse grimpe m\u00eame \u00e0 29\u00b0C et Bordeaux fait pareil. La France du Sud continue son \u00e9t\u00e9 prolong\u00e9 pendant que le Nord respire enfin.<\/p>\n<p>Mercredi : le Sud s\u2019\u00e9chauffe encore, Marseille vise les 33\u00b0C<\/p>\n<p class=\"wp-block-paragraph\">La tendance de mardi se confirme et s\u2019intensifie mercredi 2 septembre. Marseille franchit un nouveau palier avec un maximum attendu \u00e0 33\u00b0C, son plus haut score de la semaine.<\/p>\n<p class=\"wp-block-paragraph\">Bordeaux n\u2019est pas en reste avec 28\u00b0C annonc\u00e9s, tout comme Toulouse et Lyon qui plafonnent \u00e9galement autour de 28-29\u00b0C. Le vent reste mod\u00e9r\u00e9 partout, sans d\u00e9passer les 27 km\/h \u00e0 Marseille.<\/p>\n<p class=\"wp-block-paragraph\">Au Nord, la douceur continue de s\u2019installer progressivement. Paris atteint 24\u00b0C, Lille 21\u00b0C et Strasbourg 25\u00b0C, avec toujours ce ciel couvert qui persiste sans provoquer d\u2019averses notables.<\/p>\n<p>Ce qu\u2019il faut retenir de cette semaine m\u00e9t\u00e9o<\/p>\n<p class=\"wp-block-paragraph\">Le message est clair pour ces trois premiers jours de septembre : le Sud garde la main sur la chaleur, avec Marseille en t\u00eate de peloton, pendant que le Nord retrouve peu \u00e0 peu un temps sec sans forc\u00e9ment gagner en soleil.<\/p>\n<p class=\"wp-block-paragraph\">Pour les ind\u00e9cis, mieux vaut garder une petite laine \u00e0 Lille ou Brest le matin, mais laisser le parapluie de c\u00f4t\u00e9 d\u00e8s mardi. Et si vous partez vers Marseille ou Toulouse, la cr\u00e8me solaire reste indispensable jusqu\u2019\u00e0 mercredi au moins.<\/p>\n<p class=\"wp-block-paragraph\">Retrouvez chaque jour nos <a href=\"https:\/\/www.letribunaldunet.fr\/meteo\/meteo-25-aout-lyon-toulouse-strasbourg-pluie.html\" rel=\"nofollow noopener\" target=\"_blank\">pr\u00e9visions d\u00e9taill\u00e9es ville par ville<\/a> pour anticiper vos sorties et adapter votre semaine sans mauvaise surprise.<\/p>\n","protected":false},"excerpt":{"rendered":"&#13; &#13; &#13; &#13; &#13; &#13; TDN &gt;&#13; &#13; &#13; &#13; &#13; &#13; &#13; M\u00e9t\u00e9o&#13; &#13; &#13; &#13;&hellip;\n","protected":false},"author":2,"featured_media":1158653,"comment_status":"","ping_status":"","sticky":false,"template":"","format":"standard","meta":{"footnotes":"","_share_on_mastodon":"0"},"categories":[2815],"tags":[1111,11,1777,674,1011,27,811,1307,12,25],"class_list":["post-1158652","post","type-post","status-publish","format-standard","has-post-thumbnail","category-lille","tag-actu","tag-actualites","tag-eu","tag-europe","tag-fr","tag-france","tag-hauts-de-france","tag-lille","tag-news","tag-republique-francaise"],"share_on_mastodon":{"url":"https:\/\/pubeurope.com\/@fr\/117188665552067339","error":""},"_links":{"self":[{"href":"https:\/\/www.europesays.com\/fr\/wp-json\/wp\/v2\/posts\/1158652","targetHints":{"allow":["GET"]}}],"collection":[{"href":"https:\/\/www.europesays.com\/fr\/wp-json\/wp\/v2\/posts"}],"about":[{"href":"https:\/\/www.europesays.com\/fr\/wp-json\/wp\/v2\/types\/post"}],"author":[{"embeddable":true,"href":"https:\/\/www.europesays.com\/fr\/wp-json\/wp\/v2\/users\/2"}],"replies":[{"embeddable":true,"href":"https:\/\/www.europesays.com\/fr\/wp-json\/wp\/v2\/comments?post=1158652"}],"version-history":[{"count":0,"href":"https:\/\/www.europesays.com\/fr\/wp-json\/wp\/v2\/posts\/1158652\/revisions"}],"wp:featuredmedia":[{"embeddable":true,"href":"https:\/\/www.europesays.com\/fr\/wp-json\/wp\/v2\/media\/1158653"}],"wp:attachment":[{"href":"https:\/\/www.europesays.com\/fr\/wp-json\/wp\/v2\/media?parent=1158652"}],"wp:term":[{"taxonomy":"category","embeddable":true,"href":"https:\/\/www.europesays.com\/fr\/wp-json\/wp\/v2\/categories?post=1158652"},{"taxonomy":"post_tag","embeddable":true,"href":"https:\/\/www.europesays.com\/fr\/wp-json\/wp\/v2\/tags?post=1158652"}],"curies":[{"name":"wp","href":"https:\/\/api.w.org\/{rel}","templated":true}]}}