{"id":1158654,"date":"2026-08-31T06:18:45","date_gmt":"2026-08-31T06:18:45","guid":{"rendered":"https:\/\/www.europesays.com\/fr\/1158654\/"},"modified":"2026-08-31T06:18:45","modified_gmt":"2026-08-31T06:18:45","slug":"canicules-et-pics-de-pollution-a-lozone-quel-risque-pour-la-sante-des-provencaux","status":"publish","type":"post","link":"https:\/\/www.europesays.com\/fr\/1158654\/","title":{"rendered":"Canicules et pics de pollution \u00e0 l&rsquo;ozone\u00a0: quel risque pour la sant\u00e9 des Proven\u00e7aux\u00a0?"},"content":{"rendered":"<p>L&rsquo;air deviendra-t-il irrespirable en Provence\u00a0? En raison du r\u00e9chauffement climatique, les <a href=\"https:\/\/www.laprovence.com\/article\/region\/5547265593073414\/les-gens-sont-desesperes-avec-la-chaleur-dans-le-pays-d-aix-les-climaticiens-croulent-sous-la-demande\" target=\"_self\" rel=\"nofollow noopener\">vagues de chaleur exceptionnelles<\/a> telles qu&rsquo;on les a connues cette ann\u00e9e, pr\u00e9coces et intenses, qui ne sont d\u00e9j\u00e0 pas sans cons\u00e9quence sanitaire, risquent d&rsquo;accentuer les \u00e9pisodes de pollution \u00e0 l&rsquo;ozone, tout aussi n\u00e9fastes pour notre sant\u00e9.<\/p>\n<p><a href=\"https:\/\/www.laprovence.com\/article\/ecoplanete\/6862974450416414\/alerte-pollution-de-lair-aux-bouches-du-rhone-les-mesures-durgence-declenchees-ce-vendredi\" target=\"_self\" rel=\"nofollow noopener\">Les seuils des autorit\u00e9s fran\u00e7aises<\/a>, desquels d\u00e9coulent des recommandations \u00e0 la population, voire des mesures contraignantes, diff\u00e8rent des lignes directives de l&rsquo;OMS, bien plus strictes. \u00ab\u00a0L&rsquo;OMS aborde seulement le risque sanitaire, tandis que le l\u00e9gislateur doit trouver un compromis entre l&rsquo;\u00e9conomie et les usagers\u00a0\u00bb, explique Damien Piga d&rsquo;<a href=\"https:\/\/www.atmosud.org\/\" target=\"_blank\" rel=\"nofollow noopener\">Atmo Sud<\/a>.<\/p>\n<p>En PACA, le nombre de jours par an o\u00f9 la concentration d&rsquo;ozone d\u00e9passe les seuils recommand\u00e9s par l&rsquo;OMS est pr\u00e8s de deux fois sup\u00e9rieur \u00e0 ses pr\u00e9conisations, selon les calculs de l&rsquo;observatoire r\u00e9gional de <a href=\"https:\/\/www.laprovence.com\/article\/ecoplanete\/53158302693832\/incendie-gironde-espagne-var-la-pollution-liee-aux-fumees-atteint-elle-le-territoire\" target=\"_self\" rel=\"nofollow noopener\">la qualit\u00e9 de l&rsquo;air<\/a>. L&rsquo;indice ICAIR 365, qui int\u00e8gre l&rsquo;ensemble des polluants r\u00e9glement\u00e9s, permet quant \u00e0 lui de constater que la pollution reste bien plus marqu\u00e9e en zone urbaine.<\/p>\n<p>Dans les deux cas, la vigilance reste de mise. L&rsquo;ozone est un gaz oxydant qui p\u00e9n\u00e8tre profond\u00e9ment dans les voies respiratoires\u00a0: \u00ab\u00a0\u00c0 ces niveaux de concentration, il pr\u00e9sente un risque, qu&rsquo;on soit atteint d&rsquo;une pathologie chronique ou en bonne sant\u00e9\u00a0\u00bb, avertit Julie Mazenq, pneumo-p\u00e9diatre \u00e0 l&rsquo;h\u00f4pital de la Timone \u00e0 Marseille, qui a notamment \u00e9tudi\u00e9 l&rsquo;impact sanitaire de la pollution.<\/p>\n<p>L&rsquo;exposition peut provoquer des \u00ab\u00a0irritations oculaires et des voies respiratoires, une diminution temporaire de la fonction pulmonaire, des inflammations pulmonaires ainsi que des effets sur le syst\u00e8me cardiovasculaire\u00a0\u00bb, pr\u00e9cise <a href=\"https:\/\/www.atmo-france.org\/actualite\/canicule-et-ozone-bien-sinformer-pour-mieux-se-proteger\" target=\"_blank\" rel=\"nofollow noopener\">Atmo France<\/a>.<\/p>\n<p>\u00ab\u00a0D\u00e8s le f\u0153tus, nous sommes expos\u00e9s\u00a0\u00bb<\/p>\n<p>Les personnes fragiles, souffrant d&rsquo;une pathologie chronique, <a href=\"https:\/\/www.laprovence.com\/article\/societe\/1818891077338514\/conge-supplementaire-de-naissance-sans-epargne-pas-de-courses-la-colere-de-ces-parents-prives-dindemnites\" target=\"_self\" rel=\"nofollow noopener\">les enfants<\/a>, les personnes \u00e2g\u00e9es, les femmes enceintes, mais aussi les personnes pratiquant du sport en ext\u00e9rieur sont plus susceptibles d&rsquo;\u00eatre affect\u00e9es. \u00ab\u00a0Les asthmatiques, mais aussi les fumeurs, risquent des d\u00e9compensations, provoquant des crises d&rsquo;asthme pouvant amener aux urgences\u00a0\u00bb, d\u00e9veloppe Julie Mazenq.<\/p>\n<p>Alors que toute la France est concern\u00e9e par un exc\u00e8s de mortalit\u00e9 en raison des chaleurs records de cette ann\u00e9e, la pneumo-p\u00e9diatre alerte que \u00ab\u00a0le cumul des canicules et de la pollution \u00e0 l&rsquo;ozone multiplie les risques de mani\u00e8re exponentielle, avec des retentissements plus importants pour la sant\u00e9\u00a0\u00bb.<\/p>\n<p>Les r\u00e9actions chimiques qui g\u00e9n\u00e8rent l&rsquo;ozone favorisent \u00e9galement l&rsquo;augmentation des concentrations en particules fines. Elles sont tr\u00e8s n\u00e9fastes pour la sant\u00e9 des malades chroniques, notamment dans le cas d&rsquo;une mucoviscidose. \u00ab\u00a0D\u00e8s le f\u0153tus, nous sommes expos\u00e9s \u00e0 ces polluants\u00a0\u00bb, souligne Dr\u00a0Mazenq.<\/p>\n","protected":false},"excerpt":{"rendered":"L&rsquo;air deviendra-t-il irrespirable en Provence\u00a0? En raison du r\u00e9chauffement climatique, les vagues de chaleur exceptionnelles telles qu&rsquo;on les&hellip;\n","protected":false},"author":2,"featured_media":1158655,"comment_status":"","ping_status":"","sticky":false,"template":"","format":"standard","meta":{"footnotes":"","_share_on_mastodon":"0"},"categories":[2814],"tags":[5734,1111,11,10205,436,1777,674,1011,27,37433,884,12,101517,1800,471,882,11589,25,4510],"class_list":["post-1158654","post","type-post","status-publish","format-standard","has-post-thumbnail","category-marseille","tag-5734","tag-actu","tag-actualites","tag-canicules","tag-environnement","tag-eu","tag-europe","tag-fr","tag-france","tag-lozone","tag-marseille","tag-news","tag-pics","tag-pollution","tag-pour","tag-provence-alpes-cote-dazur","tag-quel","tag-republique-francaise","tag-risque"],"share_on_mastodon":{"url":"","error":""},"_links":{"self":[{"href":"https:\/\/www.europesays.com\/fr\/wp-json\/wp\/v2\/posts\/1158654","targetHints":{"allow":["GET"]}}],"collection":[{"href":"https:\/\/www.europesays.com\/fr\/wp-json\/wp\/v2\/posts"}],"about":[{"href":"https:\/\/www.europesays.com\/fr\/wp-json\/wp\/v2\/types\/post"}],"author":[{"embeddable":true,"href":"https:\/\/www.europesays.com\/fr\/wp-json\/wp\/v2\/users\/2"}],"replies":[{"embeddable":true,"href":"https:\/\/www.europesays.com\/fr\/wp-json\/wp\/v2\/comments?post=1158654"}],"version-history":[{"count":0,"href":"https:\/\/www.europesays.com\/fr\/wp-json\/wp\/v2\/posts\/1158654\/revisions"}],"wp:featuredmedia":[{"embeddable":true,"href":"https:\/\/www.europesays.com\/fr\/wp-json\/wp\/v2\/media\/1158655"}],"wp:attachment":[{"href":"https:\/\/www.europesays.com\/fr\/wp-json\/wp\/v2\/media?parent=1158654"}],"wp:term":[{"taxonomy":"category","embeddable":true,"href":"https:\/\/www.europesays.com\/fr\/wp-json\/wp\/v2\/categories?post=1158654"},{"taxonomy":"post_tag","embeddable":true,"href":"https:\/\/www.europesays.com\/fr\/wp-json\/wp\/v2\/tags?post=1158654"}],"curies":[{"name":"wp","href":"https:\/\/api.w.org\/{rel}","templated":true}]}}