{"id":115866,"date":"2025-05-21T03:21:16","date_gmt":"2025-05-21T03:21:16","guid":{"rendered":"https:\/\/www.europesays.com\/fr\/115866\/"},"modified":"2025-05-21T03:21:16","modified_gmt":"2025-05-21T03:21:16","slug":"bruno-maries-au-premier-regard-2025-reprend-les-cap-ou-pas-cap-avec-coralie-et-lemmene-au-bout-du-monde-dans-le-prochain-episode","status":"publish","type":"post","link":"https:\/\/www.europesays.com\/fr\/115866\/","title":{"rendered":"Bruno (Mari\u00e9s au premier regard 2025) reprend les \u00ab\u00a0Cap ou pas Cap\u00a0\u00bb avec Coralie et l&#8217;emm\u00e8ne au bout du monde dans le prochain \u00e9pisode"},"content":{"rendered":"<p>Un nouvel \u00e9pisode de Mari\u00e9s au premier regard sera diffus\u00e9 lundi 26 mai prochain sur M6. Mais si vous souhaitez le visionner d\u00e8s maintenant, rendez-vous sur la plateforme M6+ ! Vous d\u00e9couvrirez l&rsquo;incroyable surprise de Bruno \u00e0 Coralie. Attention, spoilers !<\/p>\n<p>Coralie et Bruno arriveront-ils \u00e0 consolider leur couple\u00a0? Le lundi 26\u00a0mai prochain sur M6, et d\u00e8s \u00e0 pr\u00e9sent sur la plateforme M6+, retrouvez les deux tourtereaux dans la suite de leurs aventures. Malgr\u00e9 une compatibilit\u00e9 de 78\u00a0% selon les expertes de <a href=\"https:\/\/www.programme-tv.net\/news\/tele-realite\/371158-maries-au-premier-regard-2025-date-de-diffusion-deux-expertes-nouveautes-les-premieres-infos-sur-la-saison-9\/\" data-api-deeplink=\"teleloisirs:\/\/news\/371158\" target=\"_blank\" rel=\"noopener\">Mari\u00e9s au premier regard 2025<\/a>, <a href=\"https:\/\/www.programme-tv.net\/biographie\/2380791-dossin-estelle\/\" data-link-people=\"5cf96b53-d73e-418a-ae47-458165086dd3\" target=\"_blank\" rel=\"noopener\">Estelle Dossin<\/a> et Marie Tapernoux, <a href=\"https:\/\/www.programme-tv.net\/news\/tele-realite\/376854-il-ne-se-sentait-pas-a-l-aise-avec-les-cameras-bruno-maries-au-premier-regards-2025-explique-son-comportement-avec-coralie-dans-le-prochain-episode\/\" data-api-deeplink=\"teleloisirs:\/\/news\/376854\" target=\"_blank\" rel=\"noopener\">Coralie et Bruno<\/a> viennent de vivre une <a href=\"https:\/\/www.programme-tv.net\/news\/tele-realite\/376913-j-ai-fait-de-la-merde-bruno-maries-au-premier-regard-2025-prend-une-decision-radicale-pour-sauver-son-couple-avec-coralie\/\" data-api-deeplink=\"teleloisirs:\/\/news\/376913\" target=\"_blank\" rel=\"noopener\">lune de miel chaotique<\/a>. En cause\u00a0? La tendance du chef d&rsquo;entreprise de 42 ans de vouloir tout contr\u00f4ler et son manque de communication. Un comportement qui a refroidi son \u00e9pouse. Conscient que son couple \u00e9tait en danger, Bruno a tout fait pour reconqu\u00e9rir le c\u0153ur de sa moiti\u00e9 afin de lui prouver qu&rsquo;il \u00e9tait capable de changer. Le couple est alors reparti sur des bases saines et plus solides.<\/p>\n<p>Mari\u00e9s au premier regard 2025\u00a0: Coralie va-t-elle accepter le dernier d\u00e9fi lanc\u00e9 par Bruno pour sauver leur couple\u00a0?<\/p>\n<p>Alors qu&rsquo;il ne reste plus que trois jours avant le bilan, Bruno a pris une d\u00e9cision radicale\u00a0: lancer un ultime d\u00e9fi \u00e0 Coralie. \u00ab\u00a0Cap ou pas cap de partir pour 24\u00a0heures loin de tout\u00a0?\u00a0\u00bb. Un challenge que Coralie accepte sans savoir o\u00f9 son mari va l&#8217;emmener. <b>\u00ab\u00a0Je n&rsquo;avais pas envie d&rsquo;une autre bo\u00eete\u00a0\u00bb<\/b>, a fait savoir la jeune femme de 37 ans. \u00ab\u00a0Je trouvais que notre journ\u00e9e \u00e9tait d\u00e9j\u00e0 g\u00e9niale. Mais quand il me sort cette bo\u00eete, je me dis &lsquo;Ok, why not\u00a0?&rsquo;. Bruno est plein de surprises et aujourd&rsquo;hui on a besoin de se d\u00e9couvrir. Est-ce que ce n\u2019est pas ce que j&rsquo;attendais\u00a0?\u00a0\u00bb, s&rsquo;est questionn\u00e9e Coralie. Ravi que sa compagne ait accept\u00e9e, Bruno jubile. \u00ab\u00a0On va partir 24\u00a0heures, donc \u00e7a va \u00eatre tr\u00e8s fatigant, \u00e7a va \u00eatre beaucoup d&rsquo;heures d&rsquo;avion, mais \u00e7a va nous permettre d&rsquo;aller dans un endroit tr\u00e8s cool. \u00c7a me fait plaisir de partager \u00e7a avec elle\u00a0\u00bb, s\u2019est-il r\u00e9joui.<\/p>\n<p>                        \u00ab\u00a0Je ne m&rsquo;y attendais pas du tout\u00a0\u00bb\u00a0: Coralie d\u00e9couvre l&rsquo;\u00e9norme surprise que Bruno lui a r\u00e9serv\u00e9 dans Mari\u00e9s au premier regard 2025<\/p>\n<p>Arriv\u00e9e \u00e0 l&rsquo;a\u00e9roport, Coralie d\u00e9couvre enfin la destination secr\u00e8te r\u00e9serv\u00e9e par Bruno. Le couple va s&rsquo;envoler pour\u2026 New York\u00a0! \u00ab\u00a0Je suis trop contente\u00a0! <b>Je ne m&rsquo;y m&rsquo;attendais pas du tout<\/b>. C&rsquo;est un super beau cadeau. Bruno a fait beaucoup d&rsquo;efforts pour qu&rsquo;on rattrape le d\u00e9part un peu chaotique. Je suis trop excit\u00e9e, je suis comme une gamine\u00a0\u00bb, a d\u00e9clar\u00e9 la jeune femme. De son c\u00f4t\u00e9, le fait que Coralie a de nouveau relev\u00e9 un de ses d\u00e9fis rassure Bruno sur leur compatibilit\u00e9. \u00ab\u00a0\u00c7a me fait vachement plaisir parce que je vois qu&rsquo;elle est touch\u00e9e. Je vois encore une fois que Coralie n&rsquo;a pas peur. Ce genre de d\u00e9lire lui pla\u00eet et encore une fois \u00e7a me correspond parce que je suis aussi comme \u00e7a. C&rsquo;est top\u00a0\u00bb, s&rsquo;est enthousiasm\u00e9 Bruno. Comment vont se passer ces 24\u00a0heures \u00e0 New York\u00a0? Est-ce l&rsquo;id\u00e9e de trop qui aboutira \u00e0 un divorce\u00a0? Pour le savoir rendez-vous le 26\u00a0mai sur M6 ou sur M6+ d\u00e8s aujourd&rsquo;hui.<\/p>\n","protected":false},"excerpt":{"rendered":"Un nouvel \u00e9pisode de Mari\u00e9s au premier regard sera diffus\u00e9 lundi 26 mai prochain sur M6. Mais si&hellip;\n","protected":false},"author":2,"featured_media":115867,"comment_status":"","ping_status":"","sticky":false,"template":"","format":"standard","meta":{"footnotes":""},"categories":[1356],"tags":[5635,23614,244,23613,58,59,1011,27,494,5214,252,1364],"class_list":{"0":"post-115866","1":"post","2":"type-post","3":"status-publish","4":"format-standard","5":"has-post-thumbnail","7":"category-television","8":"tag-6play","9":"tag-bruno-mariu00e9s-au-premier-regard-9","10":"tag-commentaire","11":"tag-coralie-mariu00e9s-au-premier-regard-9","12":"tag-divertissement","13":"tag-entertainment","14":"tag-fr","15":"tag-france","16":"tag-m6","17":"tag-mariu00e9s-au-premier-regard","18":"tag-television","19":"tag-tv"},"share_on_mastodon":{"url":"https:\/\/pubeurope.com\/@fr\/114543675642490036","error":""},"_links":{"self":[{"href":"https:\/\/www.europesays.com\/fr\/wp-json\/wp\/v2\/posts\/115866","targetHints":{"allow":["GET"]}}],"collection":[{"href":"https:\/\/www.europesays.com\/fr\/wp-json\/wp\/v2\/posts"}],"about":[{"href":"https:\/\/www.europesays.com\/fr\/wp-json\/wp\/v2\/types\/post"}],"author":[{"embeddable":true,"href":"https:\/\/www.europesays.com\/fr\/wp-json\/wp\/v2\/users\/2"}],"replies":[{"embeddable":true,"href":"https:\/\/www.europesays.com\/fr\/wp-json\/wp\/v2\/comments?post=115866"}],"version-history":[{"count":0,"href":"https:\/\/www.europesays.com\/fr\/wp-json\/wp\/v2\/posts\/115866\/revisions"}],"wp:featuredmedia":[{"embeddable":true,"href":"https:\/\/www.europesays.com\/fr\/wp-json\/wp\/v2\/media\/115867"}],"wp:attachment":[{"href":"https:\/\/www.europesays.com\/fr\/wp-json\/wp\/v2\/media?parent=115866"}],"wp:term":[{"taxonomy":"category","embeddable":true,"href":"https:\/\/www.europesays.com\/fr\/wp-json\/wp\/v2\/categories?post=115866"},{"taxonomy":"post_tag","embeddable":true,"href":"https:\/\/www.europesays.com\/fr\/wp-json\/wp\/v2\/tags?post=115866"}],"curies":[{"name":"wp","href":"https:\/\/api.w.org\/{rel}","templated":true}]}}