{"id":1158676,"date":"2026-08-31T06:35:24","date_gmt":"2026-08-31T06:35:24","guid":{"rendered":"https:\/\/www.europesays.com\/fr\/1158676\/"},"modified":"2026-08-31T06:35:24","modified_gmt":"2026-08-31T06:35:24","slug":"les-etats-unis-ont-mene-les-premieres-frappes-en-iran-depuis-un-mois","status":"publish","type":"post","link":"https:\/\/www.europesays.com\/fr\/1158676\/","title":{"rendered":"Les \u00c9tats-Unis ont men\u00e9 les premi\u00e8res frappes en Iran depuis un mois"},"content":{"rendered":"<p class=\"ap-StoryElement ap-StoryElement--mb ap-StoryText\">Ces frappes sont survenues apr\u00e8s que des \u00ab\u00a0forces des Gardiens de la R\u00e9volution islamique ont \u00e9t\u00e9 observ\u00e9es en train de se pr\u00e9parer \u00e0 lancer des roquettes charg\u00e9es de mines marines dans le d\u00e9troit d&rsquo;Ormuz\u00a0\u00bb, a-t-il indiqu\u00e9.<\/p>\n<p class=\"ap-StoryElement ap-StoryElement--mb ap-StoryText\">L&rsquo;attaque a fait deux morts et deux bless\u00e9s, selon l&rsquo;agence iranienne de presse Tasnim.<\/p>\n<p class=\"ap-StoryElement ap-StoryElement--mb ap-StoryText\">Apr\u00e8s avoir averti des \u00ab\u00a0repr\u00e9sailles\u00a0\u00bb, les Gardiens de la R\u00e9volution iraniens ont affirm\u00e9 avoir attaqu\u00e9 des installations de l&rsquo;arm\u00e9e am\u00e9ricaine sur deux bases a\u00e9riennes en Jordanie.<\/p>\n<p class=\"ap-StoryElement ap-StoryElement--mb ap-StoryText\">\u00ab\u00a0Tout acte d&rsquo;hostilit\u00e9 se heurtera \u00e0 des repr\u00e9sailles encore plus puissantes\u00a0\u00bb, ont-ils annonc\u00e9, cit\u00e9s par les m\u00e9dias d&rsquo;\u00c9tat iraniens.<\/p>\n<p class=\"ap-StoryElement ap-StoryElement--mb ap-StoryText\">Les hostilit\u00e9s avaient perdu en intensit\u00e9 ce dernier mois, m\u00eame si des \u00e9changes de tirs sporadiques s&rsquo;\u00e9taient poursuivis dans la r\u00e9gion, surtout dans et autour du d\u00e9troit d&rsquo;Ormuz.<\/p>\n<p class=\"ap-StoryElement ap-StoryElement--mb ap-StoryText\">Ce strat\u00e9gique passage maritime par lequel transitait avant la guerre un cinqui\u00e8me des hydrocarbures mondiaux est au c\u0153ur du conflit entre les \u00c9tats-Unis et l&rsquo;Iran, T\u00e9h\u00e9ran verrouillant son passage.<\/p>\n<p class=\"ap-StoryElement ap-StoryElement--mb ap-StoryText\">En r\u00e9ponse, les \u00c9tats-Unis conduisent un blocus des ports iraniens et se disent \u00eatre pr\u00eats \u00ab\u00a0\u00e0 prot\u00e9ger la libre circulation des \u00e9changes commerciaux sur cette voie navigable essentielle\u00a0\u00bb, le Centcom affirmant dimanche avoir \u00ab\u00a0achev\u00e9 le d\u00e9minage des voies de navigation internationales\u00a0\u00bb.<\/p>\n<p>Pression \u00e9conomique<\/p>\n<p class=\"ap-StoryElement ap-StoryElement--mb ap-StoryText\">La guerre a \u00e9t\u00e9 d\u00e9clench\u00e9e le 28 f\u00e9vrier par des frappes conjointes des \u00c9tats-Unis et d&rsquo;Isra\u00ebl contre l&rsquo;Iran, qui a ripost\u00e9 en visant notamment les pays du Golfe alli\u00e9s de Washington.<\/p>\n<p class=\"ap-StoryElement ap-StoryElement--mb ap-StoryText\">Le conflit a \u00e9branl\u00e9 l&rsquo;\u00e9conomie mondiale en entra\u00eenant notamment une envol\u00e9e des prix du p\u00e9trole.<\/p>\n<p class=\"ap-StoryElement ap-StoryElement--mb ap-StoryText\">Apr\u00e8s l&rsquo;annonce des nouvelles frappes am\u00e9ricaines, les cours de l&rsquo;or noir sont repartis en hausse lundi matin en Asie, le baril de Brent, r\u00e9f\u00e9rence internationale, d\u00e9passant bri\u00e8vement le seuil symbolique des 90 dollars.<\/p>\n<p class=\"ap-StoryElement ap-StoryElement--mb ap-StoryText\">En avril, un cessez-le-feu avait mis fin \u00e0 pr\u00e8s de 40 jours de bombardements intenses, et un protocole d&rsquo;accord visant \u00e0 mettre d\u00e9finitivement fin au conflit a \u00e9t\u00e9 conclu en juin.<\/p>\n<p class=\"ap-StoryElement ap-StoryElement--mb ap-StoryText\">Mais celui-ci a vol\u00e9 en \u00e9clats en juillet apr\u00e8s une reprise des hostilit\u00e9s, et les n\u00e9gociations sont depuis dans l&rsquo;impasse.<\/p>\n<p class=\"ap-StoryElement ap-StoryElement--mb ap-StoryText\">Face \u00e0 une guerre de plus en plus impopulaire aux \u00c9tats-Unis, et \u00e0 l&rsquo;approche des \u00e9lections am\u00e9ricaines de mi-mandat, l&rsquo;administration Trump privil\u00e9gie d\u00e9sormais la \u00ab\u00a0guerre \u00e9conomique\u00a0\u00bb contre l&rsquo;Iran, d\u00e9j\u00e0 sous le coup de sanctions internationales depuis des d\u00e9cennies.<\/p>\n<p class=\"ap-StoryElement ap-StoryElement--mb ap-StoryText\">Le ministre am\u00e9ricain des Finances, Scott Bessent, a pr\u00e9sent\u00e9 lundi dernier un nouveau train de sanctions dites \u00ab\u00a0secondaires\u00a0\u00bb, touchant non pas l&rsquo;Iran directement mais ses partenaires commerciaux, sur l&rsquo;or, la technologie, les actifs num\u00e9riques, l&rsquo;aviation et le transport maritime.<\/p>\n<p class=\"ap-StoryElement ap-StoryElement--mb ap-StoryText\">M. Bessent dirigera lundi et mardi aux \u00c9tats-Unis une r\u00e9union de ses homologues des pays du G20, dont fait partie la Chine, partenaire \u00e9conomique majeur de T\u00e9h\u00e9ran.<\/p>\n<p class=\"ap-StoryElement ap-StoryElement--mb ap-StoryText\">P\u00e9kin a d\u00e9j\u00e0 assur\u00e9 vouloir d\u00e9fendre \u00ab\u00a0fermement\u00a0\u00bb ses int\u00e9r\u00eats et sa coop\u00e9ration avec l&rsquo;Iran.<\/p>\n<p class=\"ap-StoryElement ap-StoryElement--mb ap-StoryText\">Le pr\u00e9sident chinois Xi Jinping participe par ailleurs lundi \u00e0 un sommet r\u00e9gional de l&rsquo;Organisation de coop\u00e9ration de Shanghai (OCS), o\u00f9 sont \u00e9galement attendus les pr\u00e9sidents iranien Massoud Pezeshkian et russe Vladimir Poutine. La r\u00e9union de ce bloc r\u00e9gional au Kirghizstan doit accueillir \u00e9galement le Premier ministre pakistanais Shehbaz Sharif dont le pays joue le r\u00f4le de m\u00e9diateur dans la guerre au Moyen-Orient.<\/p>\n<p class=\"ap-StoryElement ap-StoryElement--mb ap-StoryText\">M\u00eame si Massoud Pezeshkian a reconnu que son pays faisait face \u00e0 \u00ab\u00a0de nombreuses difficult\u00e9s \u00e9conomiques\u00a0\u00bb, T\u00e9h\u00e9ran assure que les \u00c9tats-Unis n&rsquo;obtiendront \u00ab\u00a0rien\u00a0\u00bb avec les pressions \u00e9conomiques.<\/p>\n","protected":false},"excerpt":{"rendered":"Ces frappes sont survenues apr\u00e8s que des \u00ab\u00a0forces des Gardiens de la R\u00e9volution islamique ont \u00e9t\u00e9 observ\u00e9es en&hellip;\n","protected":false},"author":2,"featured_media":1158677,"comment_status":"","ping_status":"","sticky":false,"template":"","format":"standard","meta":{"footnotes":"","_share_on_mastodon":"0"},"categories":[1589],"tags":[11,2105,75,893,73,1866,843,1146,3019,664,13679,12404,109683,6127,12,844,7185,20018,92544,2803,1864,1865,1863,308,135,7084],"class_list":["post-1158676","post","type-post","status-publish","format-standard","has-post-thumbnail","category-etats-unis","tag-actualites","tag-distribution","tag-donald-trump","tag-energie","tag-etats-unis","tag-etats-unis-damerique","tag-gaz","tag-guerre","tag-iran","tag-israel","tag-jordanie","tag-liban","tag-massoud-pezeshkian","tag-mer","tag-news","tag-petrole","tag-sanctions","tag-scott-bessent","tag-shehbaz-sharif","tag-transport","tag-united-states","tag-united-states-of-america","tag-us","tag-usa","tag-vladimir-poutine","tag-xi-jinping"],"share_on_mastodon":{"url":"https:\/\/pubeurope.com\/@fr\/117188737549569725","error":""},"_links":{"self":[{"href":"https:\/\/www.europesays.com\/fr\/wp-json\/wp\/v2\/posts\/1158676","targetHints":{"allow":["GET"]}}],"collection":[{"href":"https:\/\/www.europesays.com\/fr\/wp-json\/wp\/v2\/posts"}],"about":[{"href":"https:\/\/www.europesays.com\/fr\/wp-json\/wp\/v2\/types\/post"}],"author":[{"embeddable":true,"href":"https:\/\/www.europesays.com\/fr\/wp-json\/wp\/v2\/users\/2"}],"replies":[{"embeddable":true,"href":"https:\/\/www.europesays.com\/fr\/wp-json\/wp\/v2\/comments?post=1158676"}],"version-history":[{"count":0,"href":"https:\/\/www.europesays.com\/fr\/wp-json\/wp\/v2\/posts\/1158676\/revisions"}],"wp:featuredmedia":[{"embeddable":true,"href":"https:\/\/www.europesays.com\/fr\/wp-json\/wp\/v2\/media\/1158677"}],"wp:attachment":[{"href":"https:\/\/www.europesays.com\/fr\/wp-json\/wp\/v2\/media?parent=1158676"}],"wp:term":[{"taxonomy":"category","embeddable":true,"href":"https:\/\/www.europesays.com\/fr\/wp-json\/wp\/v2\/categories?post=1158676"},{"taxonomy":"post_tag","embeddable":true,"href":"https:\/\/www.europesays.com\/fr\/wp-json\/wp\/v2\/tags?post=1158676"}],"curies":[{"name":"wp","href":"https:\/\/api.w.org\/{rel}","templated":true}]}}