{"id":1158678,"date":"2026-08-31T06:36:18","date_gmt":"2026-08-31T06:36:18","guid":{"rendered":"https:\/\/www.europesays.com\/fr\/1158678\/"},"modified":"2026-08-31T06:36:18","modified_gmt":"2026-08-31T06:36:18","slug":"sarah-ferguson-apres-7-mois-dabsence-lex-duchesse-prete-a-regler-ses-comptes-avec-une-interview-choc-au-royaume-uni","status":"publish","type":"post","link":"https:\/\/www.europesays.com\/fr\/1158678\/","title":{"rendered":"Sarah Ferguson : apr\u00e8s 7 mois d&rsquo;absence, l&rsquo;ex-duchesse pr\u00eate \u00e0 r\u00e9gler ses comptes avec une interview choc au Royaume-Uni"},"content":{"rendered":"<p>Apr\u00e8s sept mois totalement \u00e9loign\u00e9e des cam\u00e9ras, <strong>Sarah<br \/>\nFerguson<\/strong> s\u2019appr\u00eate \u00e0 faire un retour tr\u00e8s scrut\u00e9 au<br \/>\nRoyaume-Uni. L\u2019ex-duchesse d\u2019York, \u00e9clabouss\u00e9e par le<br \/>\n<strong>scandale Jeffrey Epstein<\/strong>, pr\u00e9pare une prise de<br \/>\nparole au long cours, pr\u00e9sent\u00e9e en coulisses comme une possible<br \/>\n<strong>interview choc<\/strong> t\u00e9l\u00e9vis\u00e9e pour livrer enfin sa<br \/>\n<a href=\"https:\/\/www.closermag.fr\/royautes\/sarah-ferguson-prete-a-raconter-sa-versions-des-faits-dans-laffaire-epstein-cette-offre-a-pres-de-15-million-deuros-qui-peut-tout-changer-3631217\" rel=\"nofollow noopener\" target=\"_blank\"><br \/>\nversion des faits<\/a>.<\/p>\n<p>Ce come-back intervient alors que l\u2019ancienne \u00e9pouse d\u2019Andrew<br \/>\nMountbatten-Windsor s\u2019installe de nouveau pr\u00e8s de Londres, dans une<br \/>\nr\u00e9sidence s\u00e9curis\u00e9e, et qu\u2019elle fait l\u2019objet d\u2019intenses<br \/>\nsollicitations de la part de producteurs et de plateformes. Autour<br \/>\nd\u2019elle, on parle d\u2019un projet de documentaire ou de programme<br \/>\nsp\u00e9cial, pens\u00e9 pour r\u00e9pondre \u00e0 la pression grandissante qui<br \/>\nl\u2019incite \u00e0 s\u2019exprimer sur ses liens avec Jeffrey Epstein.<\/p>\n<p>Sarah Ferguson de retour au Royaume-Uni apr\u00e8s sept mois<br \/>\nd\u2019absence<\/p>\n<p>D\u2019apr\u00e8s les informations de People, <a href=\"https:\/\/www.closermag.fr\/royautes\/sarah-ferguson-dans-lombre-du-prince-harry-et-meghan-lex-duchesse-fait-un-retour-inattendu-au-royaume-uni-apres-7-mois-dabsence-3655446\" rel=\"nofollow noopener\" target=\"_blank\"><br \/>\nSarah Ferguson revient au pays apr\u00e8s environ sept mois pass\u00e9s hors<br \/>\nde la vie publique<\/a>. Sa derni\u00e8re apparition confirm\u00e9e remonte \u00e0<br \/>\nla mi-avril 2026, lors d\u2019un s\u00e9jour dans les Alpes autrichiennes,<br \/>\nsouligne AOL. Depuis, l\u2019ex-duchesse s\u2019est faite extr\u00eamement<br \/>\ndiscr\u00e8te, sans engagement officiel et avec une activit\u00e9 publique<br \/>\nr\u00e9duite au minimum.<\/p>\n<p>Ce retrait a suivi une v\u00e9ritable descente aux enfers. En octobre<br \/>\n2025, elle et Andrew Mountbatten-Windsor ont renonc\u00e9 \u00e0 leurs<br \/>\ntitres, avant d\u2019\u00eatre <a href=\"https:\/\/www.closermag.fr\/royautes\/sarah-ferguson-terrifiee-et-extremement-nerveuse-son-depart-du-royal-lodge-la-met-dans-tous-ses-etats-3592426\" rel=\"nofollow noopener\" target=\"_blank\"><br \/>\ncontraints de quitter Royal Lodge<\/a>, leur r\u00e9sidence de Windsor.<br \/>\nSelon The Telegraph et The Guardian, Sarah Ferguson aurait alors<br \/>\ntrouv\u00e9 refuge dans un chalet de Verbier, en Suisse, propri\u00e9t\u00e9 de<br \/>\nson proche ami Paddy McNally, d\u00e9c\u00e9d\u00e9 en juillet 2026, tout en se<br \/>\nrendant au Portugal aupr\u00e8s de la princesse Eug\u00e9nie pour la<br \/>\nnaissance de sa petite-fille Adelaide Elizabeth Annina Brooksbank,<br \/>\nle 3 ao\u00fbt.<\/p>\n<p>Du Royal Lodge \u00e0 une maison s\u00e9curis\u00e9e, la nouvelle vie de<br \/>\nl\u2019ex-duchesse<\/p>\n<p>Les r\u00e9v\u00e9lations issues des dossiers d&rsquo;Epstein ont eu des<br \/>\ncons\u00e9quences tr\u00e8s concr\u00e8tes. The Guardian rappelle que Sarah<br \/>\nFerguson a perdu la libert\u00e9 de la ville d\u2019York, a vu des<br \/>\nexemplaires de son dernier livre pour enfants pilonn\u00e9s et a ferm\u00e9<br \/>\nsa fondation Sarah\u2019s Trust en f\u00e9vrier 2026, en m\u00eame temps que six<br \/>\nsoci\u00e9t\u00e9s li\u00e9es \u00e0 son nom \u00e9taient liquid\u00e9es. Parall\u00e8lement, la<br \/>\nThames Valley Police m\u00e8ne une enqu\u00eate sur Andrew<br \/>\nMountbatten-Windsor pour des soup\u00e7ons de transmission de rapports<br \/>\nofficiels \u00e0 Jeffrey Epstein lorsqu\u2019il \u00e9tait envoy\u00e9 commercial du<br \/>\ngouvernement, <strong>l\u2019ancien duc ayant \u00e9t\u00e9 arr\u00eat\u00e9 puis rel\u00e2ch\u00e9 en<br \/>\nf\u00e9vrier 2026<\/strong> et niant toute faute.<\/p>\n<p>Dans ce contexte, son installation dans une nouvelle maison<br \/>\nbritannique marque un tournant. D\u2019apr\u00e8s AOL et The Telegraph,<br \/>\n<a href=\"https:\/\/www.closermag.fr\/royautes\/sarah-ferguson-de-retour-en-angleterre-comme-harry-et-meghan-lex-dandrew-sinstalle-dans-une-maison-a-10-000-livres-le-mois-dans-le-quartier-securise-du-home-counties-3655470\" rel=\"nofollow noopener\" target=\"_blank\"><br \/>\nSarah Ferguson s\u2019appr\u00eate \u00e0 emm\u00e9nager dans une propri\u00e9t\u00e9 de six<br \/>\nchambres<\/a>, avec annexe, au sein d\u2019un domaine s\u00e9curis\u00e9 dans le<br \/>\nsud de l\u2019Angleterre, pour un loyer estim\u00e9 jusqu\u2019\u00e0 10 000 livres par<br \/>\nmois, soit autour de 11 700 euros. Des camions de d\u00e9m\u00e9nagement ont<br \/>\n\u00e9t\u00e9 aper\u00e7us pr\u00e8s de la demeure de son ex-mari \u00e0 Sandringham, signe<br \/>\nqu\u2019elle r\u00e9organise durablement sa vie autour de cette base<br \/>\nlondonienne.<\/p>\n<p>Une interview choc pour Sarah Ferguson<br \/>\nafin de reprendre le contr\u00f4le du r\u00e9cit<\/p>\n<p>Selon The Telegraph, l\u2019ancienne duchesse \u00e9tudie de nombreuses<br \/>\npropositions d\u2019interviews venues du monde entier, y compris de<br \/>\ngrandes plateformes de streaming, chacune voulant d\u00e9crocher son<br \/>\npremier grand t\u00e9moignage sur l\u2019affaire Epstein. Elle r\u00e9fl\u00e9chirait<br \/>\naussi \u00e0 la possibilit\u00e9 de produire elle-m\u00eame un programme<br \/>\ndocumentaire, pour garder un contr\u00f4le \u00e9ditorial maximal, un sch\u00e9ma<br \/>\nqui rappelle le docu-s\u00e9rie Finding Sarah: From Royalty to the<br \/>\nReal World, diffus\u00e9 \u00e0 partir de 2011 sur Oprah Winfrey<br \/>\nNetwork.<\/p>\n<p>La pression ext\u00e9rieure ne cesse de monter. D\u00e8s mars 2026, la BBC<br \/>\nnotait d\u00e9j\u00e0 que les appels se multipliaient pour qu\u2019elle fournisse<br \/>\ndes \u00e9l\u00e9ments sur ses liens avec Jeffrey Epstein. The Guardian a<br \/>\nr\u00e9v\u00e9l\u00e9 des emails de 2011 dans lesquels, en priv\u00e9, Sarah Ferguson a<br \/>\nd\u00e9crit Jeffrey Epstein comme son \u00ab\u00a0ami supr\u00eame\u00a0\u00bb et s\u2019est<br \/>\nexcus\u00e9e de l\u2019avoir \u00ab\u00a0laiss\u00e9 tomber\u00a0\u00bb. Face \u00e0 ces documents et aux<br \/>\ninvestigations visant Andrew, la future interview devra forc\u00e9ment<br \/>\nr\u00e9pondre \u00e0 des questions tr\u00e8s pr\u00e9cises. Le choix du format et de la<br \/>\ncha\u00eene dira aussi jusqu\u2019o\u00f9 l\u2019ex-duchesse est pr\u00eate \u00e0 aller dans ce<br \/>\nr\u00e9cit tr\u00e8s attendu de son <strong>retour au<br \/>\nRoyaume-Uni<\/strong>.<\/p>\n","protected":false},"excerpt":{"rendered":"Apr\u00e8s sept mois totalement \u00e9loign\u00e9e des cam\u00e9ras, Sarah Ferguson s\u2019appr\u00eate \u00e0 faire un retour tr\u00e8s scrut\u00e9 au Royaume-Uni.&hellip;\n","protected":false},"author":2,"featured_media":1158679,"comment_status":"","ping_status":"","sticky":false,"template":"","format":"standard","meta":{"footnotes":"","_share_on_mastodon":"0"},"categories":[1588],"tags":[11,1190,1777,674,545,2173,12,473,1853,1851,1850,1852,547],"class_list":["post-1158678","post","type-post","status-publish","format-standard","has-post-thumbnail","category-royaume-uni","tag-actualites","tag-documentaire","tag-eu","tag-europe","tag-famille-royale-britannique","tag-interview","tag-news","tag-royaume-uni","tag-royaume-uni-de-grande-bretagne-et-dirlande-du-nord","tag-uk","tag-united-kingdom","tag-united-kingdom-of-great-britain-and-northern-ireland","tag-windsor"],"share_on_mastodon":{"url":"https:\/\/pubeurope.com\/@fr\/117188741548775306","error":""},"_links":{"self":[{"href":"https:\/\/www.europesays.com\/fr\/wp-json\/wp\/v2\/posts\/1158678","targetHints":{"allow":["GET"]}}],"collection":[{"href":"https:\/\/www.europesays.com\/fr\/wp-json\/wp\/v2\/posts"}],"about":[{"href":"https:\/\/www.europesays.com\/fr\/wp-json\/wp\/v2\/types\/post"}],"author":[{"embeddable":true,"href":"https:\/\/www.europesays.com\/fr\/wp-json\/wp\/v2\/users\/2"}],"replies":[{"embeddable":true,"href":"https:\/\/www.europesays.com\/fr\/wp-json\/wp\/v2\/comments?post=1158678"}],"version-history":[{"count":0,"href":"https:\/\/www.europesays.com\/fr\/wp-json\/wp\/v2\/posts\/1158678\/revisions"}],"wp:featuredmedia":[{"embeddable":true,"href":"https:\/\/www.europesays.com\/fr\/wp-json\/wp\/v2\/media\/1158679"}],"wp:attachment":[{"href":"https:\/\/www.europesays.com\/fr\/wp-json\/wp\/v2\/media?parent=1158678"}],"wp:term":[{"taxonomy":"category","embeddable":true,"href":"https:\/\/www.europesays.com\/fr\/wp-json\/wp\/v2\/categories?post=1158678"},{"taxonomy":"post_tag","embeddable":true,"href":"https:\/\/www.europesays.com\/fr\/wp-json\/wp\/v2\/tags?post=1158678"}],"curies":[{"name":"wp","href":"https:\/\/api.w.org\/{rel}","templated":true}]}}