{"id":115868,"date":"2025-05-21T03:22:08","date_gmt":"2025-05-21T03:22:08","guid":{"rendered":"https:\/\/www.europesays.com\/fr\/115868\/"},"modified":"2025-05-21T03:22:08","modified_gmt":"2025-05-21T03:22:08","slug":"mort-brutalement-a-31-ans-le-rappeur-a-ete-inhume-dans-son-quartier","status":"publish","type":"post","link":"https:\/\/www.europesays.com\/fr\/115868\/","title":{"rendered":"Mort brutalement \u00e0 31 ans, le rappeur a \u00e9t\u00e9 inhum\u00e9 dans son quartier"},"content":{"rendered":"<p>Le quartier qui l\u2019avait vu grandir en <a href=\"https:\/\/www.20minutes.fr\/societe\/seine-saint-denis\/\" target=\"_blank\" class=\"color-ultramarine c-link\" rel=\"noopener\">Seine-Saint-Denis<\/a> a pu rendre mardi un dernier hommage \u00e0 Werenoi. Num\u00e9ro un des ventes d\u2019albums en France ces deux derni\u00e8res ann\u00e9es, l\u2019artiste \u00e0 l\u2019ascension fulgurante a \u00e9t\u00e9 inhum\u00e9 \u00e0 <a href=\"https:\/\/www.20minutes.fr\/dossier\/montreuil\" target=\"_blank\" class=\"color-ultramarine c-link\" rel=\"noopener\">Montreuil<\/a>.<\/p>\n<p>C\u00e9l\u00e9br\u00e9 par ses fans comme un <a href=\"https:\/\/www.20minutes.fr\/dossier\/rappeur\" target=\"_blank\" class=\"color-ultramarine c-link\" rel=\"noopener\">rappeur<\/a> \u00ab\u00a0cr\u00e9dible\u00a0\u00bb, qui racontait \u00ab\u00a0des v\u00e9rit\u00e9s\u00a0\u00bb sur la rue, Werenoi est mort brutalement \u00e0 31 ans, dans un h\u00f4pital parisien, sans que les causes de son d\u00e9c\u00e8s soient pr\u00e9cis\u00e9es. Sa disparition a \u00e9t\u00e9 annonc\u00e9e samedi sur le r\u00e9seau social X par son producteur.<\/p>\n<p>Quelque 800 personnes pr\u00e9sentes<\/p>\n<p>Devant les grilles vertes du cimeti\u00e8re municipal, Nicolas, 25 ans, trouve que \u00ab\u00a0c\u2019est la classe qu\u2019il soit enterr\u00e9 ici, dans son quartier\u00a0\u00bb de Montreuil, \u00e0 l\u2019est de <a href=\"https:\/\/www.20minutes.fr\/paris\/\" target=\"_blank\" class=\"color-ultramarine c-link\" rel=\"noopener\">Paris<\/a>. \u00ab\u00a0\u00c7a m\u2019a gravement touch\u00e9 qu\u2019un artiste n\u00e9 ici, originaire du <a href=\"https:\/\/www.20minutes.fr\/dossier\/cameroun\" target=\"_blank\" class=\"color-ultramarine c-link\" rel=\"noopener\">Cameroun<\/a> (par ses parents) comme moi, ait tant de \u00ab\u00a0hype\u00a0\u00bb. J\u2019aimais comment il posait ses mots sur l\u2019instrumental. A Paris, au Z\u00e9nith (en\u00a02023), c\u2019\u00e9tait mon premier concert et c\u2019\u00e9tait fabuleux\u00a0\u00bb, dit le jeune homme \u00e0 la chevelure rasta.<\/p>\n<p>\u00ab\u00a0Pas de t\u00e9l\u00e9phone, pas d\u2019appareil photo, pas de cam\u00e9ra\u00a0\u00bb, r\u00e9p\u00e8tent des vigiles devant le cimeti\u00e8re. Quelque 800 personnes sont venues, apr\u00e8s des pri\u00e8res dans une mosqu\u00e9e pleine.<\/p>\n<p>Un artiste \u00ab\u00a0simple\u00a0\u00bb et discret<\/p>\n<p>Dans le quartier Jean-Moulin, un homme de 27 ans a ferm\u00e9 son commerce pour aller aux obs\u00e8ques. Se surnommant \u00ab\u00a0Tommy\u00a0\u00bb, il \u00e9voque \u00ab\u00a0quelqu\u2019un de simple, de cool, un bon gars avec lequel on a grandi\u00a0\u00bb. Il a toujours \u00ab\u00a0cherch\u00e9 la discr\u00e9tion\u00a0\u00bb, dit-il, y compris ce d\u00e9calage total entre sa reconnaissance parmi la jeunesse et son absence de notori\u00e9t\u00e9 dans les grands m\u00e9dias.<\/p>\n<p>J\u00e9r\u00e9my Bana Owona \u00e0 l\u2019\u00e9tat civil s\u2019\u00e9tait impos\u00e9 comme l\u2019artiste ayant vendu le plus d\u2019albums en France en\u00a02023 et\u00a02024, selon le Syndicat national de l\u2019\u00e9dition phonographique. Pour expliquer ce succ\u00e8s, \u00ab\u00a0Tommy\u00a0\u00bb assure que \u00ab\u00a0ce qu\u2019il rappe, c\u2019est ce qu\u2019on vit tous les jours, car m\u00eame ici, il y a deux mondes parall\u00e8les\u00a0: le monde des Bisounours et un monde dur qu\u2019il racontait dans ses textes\u00a0: mis\u00e8re sociale, police, jalousie des gens, trafic aussi\u00a0\u00bb.<\/p>\n<p>Ses clips retir\u00e9s de YouTube<\/p>\n<p>\u00ab\u00a0Les gens se reconnaissent en lui parce qu\u2019il \u00e9tait cr\u00e9dible, ce n\u2019\u00e9tait pas une fausse image\u00a0\u00bb, assure aussi Moussa, 33 ans. \u00ab\u00a0Il a grandi dans la rue ici. Ce n\u2019\u00e9tait pas un rappeur cr\u00e9\u00e9 de toutes pi\u00e8ces \u00e0 qui on met une cha\u00eene en or et qui va \u00ab\u00a0clipper\u00a0\u00bb \u00e0 <a href=\"https:\/\/www.20minutes.fr\/marseille\/\" target=\"_blank\" class=\"color-ultramarine c-link\" rel=\"noopener\">Marseille<\/a> alors qu\u2019il est d\u2019Avignon\u00a0\u00bb, ironise-t-il. Yass, 22 ans, s\u00e9duit par son titre Solitaire, r\u00e9p\u00e8te que Werenoi \u00ab\u00a0avait de l\u2019esprit\u00a0\u00bb. Avant d\u2019admettre que ses paroles \u00e9voquant trafics et violences \u00e9taient \u00ab\u00a0dures\u00a0\u00bb.<\/p>\n<p><a href=\"https:\/\/www.20minutes.fr\/dossier\/hip-hop\" target=\"_blank\" class=\"c-link c-btn c-btn--primary\" rel=\"noopener\">Notre dossier sur le Hip-Hop<\/a><\/p>\n<p>Quelques heures apr\u00e8s l\u2019annonce de son d\u00e9c\u00e8s, ses clips musicaux ont tous \u00e9t\u00e9 retir\u00e9s de YouTube. Seuls les audios restent en ligne, dont son dernier duo, Piano, avec Gims. Mais sa discographie reste disponible sur les plateformes de streaming Spotify et Deezer.<\/p>\n","protected":false},"excerpt":{"rendered":"Le quartier qui l\u2019avait vu grandir en Seine-Saint-Denis a pu rendre mardi un dernier hommage \u00e0 Werenoi. Num\u00e9ro&hellip;\n","protected":false},"author":2,"featured_media":115869,"comment_status":"","ping_status":"","sticky":false,"template":"","format":"standard","meta":{"footnotes":""},"categories":[1355],"tags":[23615,251,58,59,1011,27,15101,3617,662,5672,1361,873,626,3616,6198,1945],"class_list":{"0":"post-115868","1":"post","2":"type-post","3":"status-publish","4":"format-standard","5":"has-post-thumbnail","7":"category-musique","8":"tag-cameroun","9":"tag-culture","10":"tag-divertissement","11":"tag-entertainment","12":"tag-fr","13":"tag-france","14":"tag-funerailles","15":"tag-hip-hop","16":"tag-ile-de-france","17":"tag-montreuil","18":"tag-music","19":"tag-musique","20":"tag-paris","21":"tag-rap","22":"tag-rappeur","23":"tag-seine-saint-denis"},"share_on_mastodon":{"url":"https:\/\/pubeurope.com\/@fr\/114543679400586198","error":""},"_links":{"self":[{"href":"https:\/\/www.europesays.com\/fr\/wp-json\/wp\/v2\/posts\/115868","targetHints":{"allow":["GET"]}}],"collection":[{"href":"https:\/\/www.europesays.com\/fr\/wp-json\/wp\/v2\/posts"}],"about":[{"href":"https:\/\/www.europesays.com\/fr\/wp-json\/wp\/v2\/types\/post"}],"author":[{"embeddable":true,"href":"https:\/\/www.europesays.com\/fr\/wp-json\/wp\/v2\/users\/2"}],"replies":[{"embeddable":true,"href":"https:\/\/www.europesays.com\/fr\/wp-json\/wp\/v2\/comments?post=115868"}],"version-history":[{"count":0,"href":"https:\/\/www.europesays.com\/fr\/wp-json\/wp\/v2\/posts\/115868\/revisions"}],"wp:featuredmedia":[{"embeddable":true,"href":"https:\/\/www.europesays.com\/fr\/wp-json\/wp\/v2\/media\/115869"}],"wp:attachment":[{"href":"https:\/\/www.europesays.com\/fr\/wp-json\/wp\/v2\/media?parent=115868"}],"wp:term":[{"taxonomy":"category","embeddable":true,"href":"https:\/\/www.europesays.com\/fr\/wp-json\/wp\/v2\/categories?post=115868"},{"taxonomy":"post_tag","embeddable":true,"href":"https:\/\/www.europesays.com\/fr\/wp-json\/wp\/v2\/tags?post=115868"}],"curies":[{"name":"wp","href":"https:\/\/api.w.org\/{rel}","templated":true}]}}