{"id":1158696,"date":"2026-08-31T06:53:16","date_gmt":"2026-08-31T06:53:16","guid":{"rendered":"https:\/\/www.europesays.com\/fr\/1158696\/"},"modified":"2026-08-31T06:53:16","modified_gmt":"2026-08-31T06:53:16","slug":"vic-fezensac-luav-cyclotourisme-prepare-sa-rentree-avec-une-nouvelle-dynamique","status":"publish","type":"post","link":"https:\/\/www.europesays.com\/fr\/1158696\/","title":{"rendered":"Vic-Fezensac. L\u2019UAV Cyclotourisme pr\u00e9pare sa rentr\u00e9e avec une nouvelle dynamique"},"content":{"rendered":"<p>\n                                                                    l&rsquo;essentiel<br \/>\n                                                                Avec de nouveaux maillots, une \u00e9quipe dirigeante renouvel\u00e9e et des sorties r\u00e9guli\u00e8res, le club vicois poursuit son d\u00e9veloppement et invite les amateurs de v\u00e9lo \u00e0 le rejoindre.\n                            <\/p>\n<p>Avec ses nouveaux maillots et une \u00e9quipe dirigeante renouvel\u00e9e, l\u2019UAV Cyclotourisme entend poursuivre sa route sur les petites routes du Gers. Entre sorties conviviales, nouveaux adh\u00e9rents et projets \u00e0 venir, le club vicois affiche une belle dynamique.<\/p>\n<p>L\u2019Union Athl\u00e9tique Vicoise Cyclotourisme a profit\u00e9 de la p\u00e9riode pr\u00e9c\u00e9dant Tempo Latino pour organiser un moment convivial autour de la remise de ses nouveaux maillots. Un rendez-vous symbolique qui illustre le dynamisme retrouv\u00e9 du club, quelques mois apr\u00e8s le changement de pr\u00e9sidence intervenu en d\u00e9but d\u2019ann\u00e9e.<\/p>\n<p>Les nouvelles tenues, financ\u00e9es en partie par le club, ont \u00e9t\u00e9 remises aux adh\u00e9rents pr\u00e9sents avant de prendre la route pour les nombreuses sorties qui rythment la saison. Fid\u00e8le \u00e0 son esprit de convivialit\u00e9, l\u2019UAV Cyclotourisme rassemble aujourd\u2019hui des passionn\u00e9s de v\u00e9lo de route, de gravel et de VTT, avec des parcours adapt\u00e9s aux envies et aux niveaux de chacun.<\/p>\n<p>Depuis plusieurs semaines, les rendez-vous locaux se multiplient sur les routes du Gers, g\u00e9n\u00e9ralement le week-end. Le club fonctionne \u00e9galement gr\u00e2ce \u00e0 un groupe WhatsApp sur lequel les adh\u00e9rents proposent r\u00e9guli\u00e8rement des sorties de deux heures environ, permettant \u00e0 chacun de rejoindre le peloton selon ses disponibilit\u00e9s.<\/p>\n<p>Le dimanche pr\u00e9c\u00e9dent, plusieurs membres ont \u00e9galement particip\u00e9 \u00e0 une sortie en montagne, preuve que les cyclotouristes vicois aiment aussi s\u2019aventurer sur des itin\u00e9raires plus exigeants et d\u00e9couvrir de nouveaux horizons.<\/p>\n<p>Sous l\u2019impulsion de son nouveau pr\u00e9sident, Philippe Cantan, entour\u00e9 de Michel Baylac, secr\u00e9taire, et de J\u00e9r\u00e9mie Ott, tr\u00e9sorier, le club entend poursuivre son d\u00e9veloppement dans la continuit\u00e9 de l\u2019esprit insuffl\u00e9 durant de nombreuses ann\u00e9es par ses pr\u00e9d\u00e9cesseurs. Le groupe s\u2019\u00e9toffe progressivement et une nouvelle commande de maillots est d\u2019ores et d\u00e9j\u00e0 envisag\u00e9e afin d\u2019\u00e9quiper les futurs adh\u00e9rents.<\/p>\n<p>L\u2019UAV Cyclotourisme sera pr\u00e9sente \u00e0 la F\u00eate des associations, samedi 5 septembre, o\u00f9 elle invitera les amateurs de v\u00e9lo \u00e0 venir d\u00e9couvrir ses activit\u00e9s et rejoindre un club o\u00f9 le plaisir de rouler ensemble demeure la priorit\u00e9.<\/p>\n","protected":false},"excerpt":{"rendered":"l&rsquo;essentiel Avec de nouveaux maillots, une \u00e9quipe dirigeante renouvel\u00e9e et des sorties r\u00e9guli\u00e8res, le club vicois poursuit son&hellip;\n","protected":false},"author":2,"featured_media":1158697,"comment_status":"","ping_status":"","sticky":false,"template":"","format":"standard","meta":{"footnotes":"","_share_on_mastodon":"0"},"categories":[1411],"tags":[872,1154,207,20079,1011,27,11328,60,74195,70933],"class_list":["post-1158696","post","type-post","status-publish","format-standard","has-post-thumbnail","category-cyclisme","tag-culture-et-loisirs","tag-cycling","tag-cyclisme","tag-cyclotourisme","tag-fr","tag-france","tag-gers","tag-sports","tag-sports-et-nature","tag-vicfezensac"],"share_on_mastodon":{"url":"https:\/\/pubeurope.com\/@fr\/117188808050419636","error":""},"_links":{"self":[{"href":"https:\/\/www.europesays.com\/fr\/wp-json\/wp\/v2\/posts\/1158696","targetHints":{"allow":["GET"]}}],"collection":[{"href":"https:\/\/www.europesays.com\/fr\/wp-json\/wp\/v2\/posts"}],"about":[{"href":"https:\/\/www.europesays.com\/fr\/wp-json\/wp\/v2\/types\/post"}],"author":[{"embeddable":true,"href":"https:\/\/www.europesays.com\/fr\/wp-json\/wp\/v2\/users\/2"}],"replies":[{"embeddable":true,"href":"https:\/\/www.europesays.com\/fr\/wp-json\/wp\/v2\/comments?post=1158696"}],"version-history":[{"count":0,"href":"https:\/\/www.europesays.com\/fr\/wp-json\/wp\/v2\/posts\/1158696\/revisions"}],"wp:featuredmedia":[{"embeddable":true,"href":"https:\/\/www.europesays.com\/fr\/wp-json\/wp\/v2\/media\/1158697"}],"wp:attachment":[{"href":"https:\/\/www.europesays.com\/fr\/wp-json\/wp\/v2\/media?parent=1158696"}],"wp:term":[{"taxonomy":"category","embeddable":true,"href":"https:\/\/www.europesays.com\/fr\/wp-json\/wp\/v2\/categories?post=1158696"},{"taxonomy":"post_tag","embeddable":true,"href":"https:\/\/www.europesays.com\/fr\/wp-json\/wp\/v2\/tags?post=1158696"}],"curies":[{"name":"wp","href":"https:\/\/api.w.org\/{rel}","templated":true}]}}