{"id":1158700,"date":"2026-08-31T06:56:14","date_gmt":"2026-08-31T06:56:14","guid":{"rendered":"https:\/\/www.europesays.com\/fr\/1158700\/"},"modified":"2026-08-31T06:56:14","modified_gmt":"2026-08-31T06:56:14","slug":"je-suis-profondement-desolee-aya-nakamura-annule-un-concert-a-la-derniere-minute-pour-des-raisons-de-sante","status":"publish","type":"post","link":"https:\/\/www.europesays.com\/fr\/1158700\/","title":{"rendered":"\u00ab\u00a0Je suis profond\u00e9ment d\u00e9sol\u00e9e\u00a0\u00bb\u00a0:\u00a0Aya Nakamura annule un concert \u00e0 la derni\u00e8re minute pour des raisons de sant\u00e9"},"content":{"rendered":"<p>\n    L\u2019interpr\u00e8te de Djadja n\u2019a pas pu assurer son show dimanche soir au Golden Coast Festival, \u00e0 Dijon, o\u00f9 elle \u00e9tait programm\u00e9e comme t\u00eate d\u2019affiche.<\/p>\n<p class=\"fig-paragraph\"><a href=\"http:\/\/www.lefigaro.fr\/musique\/aya-nakamura-au-stade-de-france-peut-mieux-faire-20260530\" data-fig-type=\"NewsFlash\" data-gtm-custom-categorie=\"navigation\" data-gtm-custom-action=\"crossclick\" data-gtm-custom-label=\"Contextuel\" data-gtm-event=\"customEventSPE\" data-fig-domain=\"LEFIGARO\" rel=\"nofollow noopener\" target=\"_blank\">Aya Nakamura d\u00e9\u00e7oit \u00e0 nouveau ses fans<\/a>. Apr\u00e8s avoir annul\u00e9 deux shows au d\u00e9but du mois en Espagne, \u00e0 Ibiza et Marbella, la chanteuse fran\u00e7aise r\u00e9cidive. Les dizaines de milliers de festivaliers du\u00a0<a href=\"http:\/\/www.lefigaro.fr\/musique\/le-golden-coast-festival-convie-aya-nakamura-damso-et-macklemore-pour-sa-troisieme-edition-20251124\" data-fig-type=\"Article\" data-gtm-custom-categorie=\"navigation\" data-gtm-custom-action=\"crossclick\" data-gtm-custom-label=\"Contextuel\" data-gtm-event=\"customEventSPE\" data-fig-domain=\"LEFIGARO\" rel=\"nofollow noopener\" target=\"_blank\">Golden Coast<\/a>\u00a0&#8211;\u00a0rendez-vous dijonnais d\u00e9di\u00e9 au rap et \u00e0 ses courants\u00a0&#8211;\u00a0l\u2019attendaient dimanche soir sur la sc\u00e8ne principale. Son concert, pr\u00e9vu aux alentours de 20 heures, a cependant \u00e9t\u00e9 annul\u00e9 \u00e0 la derni\u00e8re minute. Les \u00e9quipes de l\u2019artiste de 31 ans ont partag\u00e9 un communiqu\u00e9 indiquant qu\u2019en raison d\u2019un probl\u00e8me de sant\u00e9, elle n\u2019\u00e9tait pas \u00ab\u00a0en mesure d\u2019assurer sa performance\u00a0\u00bb.<\/p>\n<p class=\"fig-paragraph\">L\u2019interpr\u00e8te du tube Djadja s\u2019est dite \u00ab\u00a0profond\u00e9ment d\u00e9sol\u00e9e et tr\u00e8s d\u00e9\u00e7ue de ne pas pouvoir monter sur sc\u00e8ne\u00a0\u00bb. \u00ab\u00a0Merci \u00e0 tous pour votre compr\u00e9hension, vos messages et votre soutien\u00a0\u00bb, a-t-elle ajout\u00e9. La chanteuse \u00e9tait une des principales t\u00eates d\u2019affiche de cette derni\u00e8re journ\u00e9e de festival. Les organisateurs, de leur c\u00f4t\u00e9, ont exprim\u00e9 leur profonde \u00ab\u00a0d\u00e9ception\u00a0\u00bb. \u00ab\u00a0Nous savions \u00e0 quel point vous attendiez ce moment, ont-ils \u00e9crit sur les r\u00e9seaux sociaux, pr\u00e9cisant que les d\u00e9tenteurs de billets seront d\u00e9dommag\u00e9s. Nous adressons toutes nos pens\u00e9es \u00e0 Aya Nakamura et lui souhaitons un prompt r\u00e9tablissement. Nous esp\u00e9rons l\u2019accueillir ici tr\u00e8s bient\u00f4t.\u00a0\u00bb<\/p>\n<p>                                            <a class=\"fig-a11y-skip\" href=\"#fig-a11y-skip-main-inarticle\" is=\"fig-a11y-skip\" data-trigger-mode=\"visible-once\"><br \/>\n    Passer la publicit\u00e9<br \/>\n<\/a>            <\/p>\n<p>                                            Trois annulations<\/p>\n<p class=\"fig-paragraph\">Cette troisi\u00e8me \u00e9dition du Golden Coast aura essuy\u00e9 plusieurs revers. Le festival dijonnais a d\u00fb composer avec d\u2019autres annulations. Plus t\u00f4t cet \u00e9t\u00e9, les rappeurs\u00a0<a href=\"http:\/\/www.lefigaro.fr\/musique\/le-rappeur-bouss-diffusera-la-finale-de-la-ligue-des-champions-avant-son-concert-a-l-accor-arena-20260528\" data-fig-type=\"Article\" data-gtm-custom-categorie=\"navigation\" data-gtm-custom-action=\"crossclick\" data-gtm-custom-label=\"Contextuel\" data-gtm-event=\"customEventSPE\" data-fig-domain=\"LEFIGARO\" rel=\"nofollow noopener\" target=\"_blank\">Bouss\u00a0<\/a>et\u00a0<a href=\"http:\/\/www.lefigaro.fr\/musique\/sarkozy-palestine-ukraine-kery-james-plus-provocateur-que-jamais-pour-son-retour-20251128\" data-fig-type=\"Article\" data-gtm-custom-categorie=\"navigation\" data-gtm-custom-action=\"crossclick\" data-gtm-custom-label=\"Contextuel\" data-gtm-event=\"customEventSPE\" data-fig-domain=\"LEFIGARO\" rel=\"nofollow noopener\" target=\"_blank\">Kery James<\/a>\u00a0ont annonc\u00e9 leur retrait de la programmation pour des contraintes de calendriers. Les organisateurs les ont alors remplac\u00e9s par Kalash Criminel et\u00a0<a href=\"http:\/\/www.lefigaro.fr\/musique\/medine-chantera-t-il-a-strasbourg-bras-de-fer-entre-lfi-et-le-palais-de-la-musique-20260605\" data-fig-type=\"NewsFlash\" data-gtm-custom-categorie=\"navigation\" data-gtm-custom-action=\"crossclick\" data-gtm-custom-label=\"Contextuel\" data-gtm-event=\"customEventSPE\" data-fig-domain=\"LEFIGARO\" rel=\"nofollow noopener\" target=\"_blank\">M\u00e9dine<\/a>. La venue de ce dernier a\u00a0<a href=\"http:\/\/www.lefigaro.fr\/musique\/c-est-une-strategie-electorale-et-on-ne-s-en-cache-pas-comment-lfi-se-sert-des-rappeurs-pour-mener-sa-campagne-de-2027-20260828\" data-fig-type=\"NewsFlash\" data-gtm-custom-categorie=\"navigation\" data-gtm-custom-action=\"crossclick\" data-gtm-custom-label=\"Contextuel\" data-gtm-event=\"customEventSPE\" data-fig-domain=\"LEFIGARO\" rel=\"nofollow noopener\" target=\"_blank\">suscit\u00e9 une vive pol\u00e9mique<\/a>, notamment au sein de la classe politique qui n\u2019a pas manqu\u00e9 de rappeler qu\u2019il est vis\u00e9 par des accusations d\u2019antis\u00e9mitisme. Au cours du festival, le Golden Coast a \u00e9galement annonc\u00e9 l\u2019annulation du show du jeune\u00a0<a href=\"http:\/\/www.lefigaro.fr\/musique\/miki-tiakola-et-rnboi-en-concert-gratuit-a-paris-pour-la-fete-de-la-musique-20260609\" data-fig-type=\"NewsFlash\" data-gtm-custom-categorie=\"navigation\" data-gtm-custom-action=\"crossclick\" data-gtm-custom-label=\"Contextuel\" data-gtm-event=\"customEventSPE\" data-fig-domain=\"LEFIGARO\" rel=\"nofollow noopener\" target=\"_blank\">RnBoi<\/a>, un des artistes les plus attendus du week-end.<\/p>\n<p class=\"fig-body-link\">\n            \u00c0 lire aussi<br \/>\n        <a class=\"fig-body-link__link\" href=\"http:\/\/www.lefigaro.fr\/musique\/le-golden-coast-festival-nouvel-eldorado-du-rap-francais-20250907\" target=\"_blank\" data-fig-type=\"NewsFlash\" rel=\"noopener nofollow\" data-gtm-custom-categorie=\"navigation\" data-gtm-custom-action=\"crossclick\" data-gtm-custom-label=\"Contextuel\" data-gtm-event=\"customEventSPE\" data-fig-domain=\"LEFIGARO\"><br \/>\n                Le Golden Coast Festival, nouvel eldorado du rap fran\u00e7ais<br \/>\n    <\/a>\n<\/p>\n<p class=\"fig-paragraph\">Les plus de 75\u00a0000 festivaliers se seront content\u00e9s d\u2019assister aux concerts de\u00a0<a href=\"http:\/\/www.lefigaro.fr\/musique\/theodora-et-plk-font-ils-la-promotion-d-un-site-de-prostitution-en-ligne-dans-leur-dernier-titre-20260223\" data-fig-type=\"Article\" data-gtm-custom-categorie=\"navigation\" data-gtm-custom-action=\"crossclick\" data-gtm-custom-label=\"Contextuel\" data-gtm-event=\"customEventSPE\" data-fig-domain=\"LEFIGARO\" rel=\"nofollow noopener\" target=\"_blank\">PLK<\/a>,\u00a0<a href=\"http:\/\/www.lefigaro.fr\/musique\/damso-rend-une-bien-triste-copie-a-paris-la-defense-arena-20260529\" data-fig-type=\"NewsFlash\" data-gtm-custom-categorie=\"navigation\" data-gtm-custom-action=\"crossclick\" data-gtm-custom-label=\"Contextuel\" data-gtm-event=\"customEventSPE\" data-fig-domain=\"LEFIGARO\" rel=\"nofollow noopener\" target=\"_blank\">Damso<\/a>, Busta Rhymes, Josman ou encore Disiz. Pour les spectateurs du dimanche, la journ\u00e9e aura \u00e9t\u00e9 marqu\u00e9e par la venue exceptionnelle de\u00a0<a href=\"http:\/\/www.lefigaro.fr\/musique\/le-golden-coast-festival-convie-aya-nakamura-damso-et-macklemore-pour-sa-troisieme-edition-20251124\" data-fig-type=\"Article\" data-gtm-custom-categorie=\"navigation\" data-gtm-custom-action=\"crossclick\" data-gtm-custom-label=\"Contextuel\" data-gtm-event=\"customEventSPE\" data-fig-domain=\"LEFIGARO\" rel=\"nofollow noopener\" target=\"_blank\">Macklemore<\/a>, qui a cl\u00f4tur\u00e9 le festival. L\u2019artiste am\u00e9ricain a interpr\u00e9t\u00e9 ses plus grands tubes, de Thrift Shop \u00e0 Can\u2019t Hold Us dans une ambiance teint\u00e9e de nostalgie.<\/p>\n","protected":false},"excerpt":{"rendered":"L\u2019interpr\u00e8te de Djadja n\u2019a pas pu assurer son show dimanche soir au Golden Coast Festival, \u00e0 Dijon, o\u00f9&hellip;\n","protected":false},"author":2,"featured_media":1158701,"comment_status":"","ping_status":"","sticky":false,"template":"","format":"standard","meta":{"footnotes":"","_share_on_mastodon":"0"},"categories":[1359],"tags":[11774,1697,2930,58,59,1011,27,973],"class_list":["post-1158700","post","type-post","status-publish","format-standard","has-post-thumbnail","category-people","tag-aya-nakamura","tag-concert","tag-dijon","tag-divertissement","tag-entertainment","tag-fr","tag-france","tag-people"],"share_on_mastodon":{"url":"https:\/\/pubeurope.com\/@fr\/117188820045099966","error":""},"_links":{"self":[{"href":"https:\/\/www.europesays.com\/fr\/wp-json\/wp\/v2\/posts\/1158700","targetHints":{"allow":["GET"]}}],"collection":[{"href":"https:\/\/www.europesays.com\/fr\/wp-json\/wp\/v2\/posts"}],"about":[{"href":"https:\/\/www.europesays.com\/fr\/wp-json\/wp\/v2\/types\/post"}],"author":[{"embeddable":true,"href":"https:\/\/www.europesays.com\/fr\/wp-json\/wp\/v2\/users\/2"}],"replies":[{"embeddable":true,"href":"https:\/\/www.europesays.com\/fr\/wp-json\/wp\/v2\/comments?post=1158700"}],"version-history":[{"count":0,"href":"https:\/\/www.europesays.com\/fr\/wp-json\/wp\/v2\/posts\/1158700\/revisions"}],"wp:featuredmedia":[{"embeddable":true,"href":"https:\/\/www.europesays.com\/fr\/wp-json\/wp\/v2\/media\/1158701"}],"wp:attachment":[{"href":"https:\/\/www.europesays.com\/fr\/wp-json\/wp\/v2\/media?parent=1158700"}],"wp:term":[{"taxonomy":"category","embeddable":true,"href":"https:\/\/www.europesays.com\/fr\/wp-json\/wp\/v2\/categories?post=1158700"},{"taxonomy":"post_tag","embeddable":true,"href":"https:\/\/www.europesays.com\/fr\/wp-json\/wp\/v2\/tags?post=1158700"}],"curies":[{"name":"wp","href":"https:\/\/api.w.org\/{rel}","templated":true}]}}