{"id":1158702,"date":"2026-08-31T06:57:28","date_gmt":"2026-08-31T06:57:28","guid":{"rendered":"https:\/\/www.europesays.com\/fr\/1158702\/"},"modified":"2026-08-31T06:57:28","modified_gmt":"2026-08-31T06:57:28","slug":"gaillac-the-arts-studio-elargit-sa-palette","status":"publish","type":"post","link":"https:\/\/www.europesays.com\/fr\/1158702\/","title":{"rendered":"Gaillac. The Arts Studio \u00e9largit sa palette"},"content":{"rendered":"<p>The Art Studio Gaillac lance ses cours d\u2019automne avec des artistes du Tarn et propose du mat\u00e9riel artisanal local. The Art Studio Gaillac est l\u2019atelier d\u2019arts visuels ouvert rue Jean Jaur\u00e8s en d\u00e9cembre 2025 et anim\u00e9 par l\u2019artiste Carrie Mancuso. Son programme de cours et de prestations pour l\u2019automne 2026 s\u2019\u00e9largit avec une nouvelle gamme de pastels, aquarelles, pigments et encres fabriqu\u00e9s localement par L\u2019Artisan Pastelier. The Art Studio propose \u00e9galement une petite s\u00e9lection de crayons, papiers, fusains et autres fournitures pour artistes. Les cours s\u2019adaptent \u00e0 tous les niveaux : Dessin d\u2019apr\u00e8s mod\u00e8le vivant anim\u00e9 par Carrie Mancuso ; Cours d\u2019art pour enfants avec Sophie Winkelmayer ; Dessin du corps humain avec Camille Messager ; Croquis et couleur avec Marianne Bouvet ; Poterie pour enfants et adolescents avec Sophie Happillon.\u2019 ensemble des cours et des tarifs est disponible sur <a href=\"http:\/\/theartstudiogaillac.com\" target=\"_blank\" rel=\"nofollow noopener\">theartstudiogaillac.com<\/a>. \u00ab\u00a0Cette s\u00e9lection permet aux \u00e9l\u00e8ves comme aux artistes confirm\u00e9s de repartir directement \u00e9quip\u00e9s de mat\u00e9riel de qualit\u00e9, en circuit court\u00a0\u00bb indique Carrie Mancuso. Cette sp\u00e9cialiste du dessin naturaliste au graphie et au fusain souhaite faire de l\u2019atelier un lieu de vie artistique ouvert sur la ville, o\u00f9 \u00ab\u00a0l\u2019on apprend et o\u00f9 l\u2019on \u00e9change autour du dessin et des arts visuels. T\u00e9l\u00e9phone : 06 51 71 25 70. Instagram : theartstudiogaillac<\/p>\n","protected":false},"excerpt":{"rendered":"The Art Studio Gaillac lance ses cours d\u2019automne avec des artistes du Tarn et propose du mat\u00e9riel artisanal&hellip;\n","protected":false},"author":2,"featured_media":1158703,"comment_status":"","ping_status":"","sticky":false,"template":"","format":"standard","meta":{"footnotes":"","_share_on_mastodon":"0"},"categories":[1358],"tags":[1348,1384,1385,872,1386,58,59,1349,1011,27,71045,8412],"class_list":["post-1158702","post","type-post","status-publish","format-standard","has-post-thumbnail","category-arts-et-design","tag-arts","tag-arts-and-design","tag-arts-et-design","tag-culture-et-loisirs","tag-design","tag-divertissement","tag-entertainment","tag-expositions","tag-fr","tag-france","tag-gaillac","tag-tarn"],"share_on_mastodon":{"url":"https:\/\/pubeurope.com\/@fr\/117188824070894150","error":""},"_links":{"self":[{"href":"https:\/\/www.europesays.com\/fr\/wp-json\/wp\/v2\/posts\/1158702","targetHints":{"allow":["GET"]}}],"collection":[{"href":"https:\/\/www.europesays.com\/fr\/wp-json\/wp\/v2\/posts"}],"about":[{"href":"https:\/\/www.europesays.com\/fr\/wp-json\/wp\/v2\/types\/post"}],"author":[{"embeddable":true,"href":"https:\/\/www.europesays.com\/fr\/wp-json\/wp\/v2\/users\/2"}],"replies":[{"embeddable":true,"href":"https:\/\/www.europesays.com\/fr\/wp-json\/wp\/v2\/comments?post=1158702"}],"version-history":[{"count":0,"href":"https:\/\/www.europesays.com\/fr\/wp-json\/wp\/v2\/posts\/1158702\/revisions"}],"wp:featuredmedia":[{"embeddable":true,"href":"https:\/\/www.europesays.com\/fr\/wp-json\/wp\/v2\/media\/1158703"}],"wp:attachment":[{"href":"https:\/\/www.europesays.com\/fr\/wp-json\/wp\/v2\/media?parent=1158702"}],"wp:term":[{"taxonomy":"category","embeddable":true,"href":"https:\/\/www.europesays.com\/fr\/wp-json\/wp\/v2\/categories?post=1158702"},{"taxonomy":"post_tag","embeddable":true,"href":"https:\/\/www.europesays.com\/fr\/wp-json\/wp\/v2\/tags?post=1158702"}],"curies":[{"name":"wp","href":"https:\/\/api.w.org\/{rel}","templated":true}]}}