{"id":1158704,"date":"2026-08-31T07:00:19","date_gmt":"2026-08-31T07:00:19","guid":{"rendered":"https:\/\/www.europesays.com\/fr\/1158704\/"},"modified":"2026-08-31T07:00:19","modified_gmt":"2026-08-31T07:00:19","slug":"lamour-est-dans-le-pre-2026-decouvrez-le-prix-du-blouson-orange-de-karine-le-marchand-aux-speed-datings","status":"publish","type":"post","link":"https:\/\/www.europesays.com\/fr\/1158704\/","title":{"rendered":"L&rsquo;amour est dans le pr\u00e9 2026 : D\u00e9couvrez le prix du blouson orange de Karine Le Marchand aux speed-datings"},"content":{"rendered":"<p>Lanc\u00e9e le 17 ao\u00fbt dernier, la <a href=\"https:\/\/www.programme-tv.net\/news\/tv\/395011-l-amour-est-dans-le-pre-2026-date-de-diffusion-des-portraits-candidats-ce-que-l-on-sait-sur-la-saison-21\/\" data-api-deeplink=\"teleloisirs:\/\/news\/395011\" rel=\"nofollow noopener\" target=\"_blank\">saison 21 de L&rsquo;amour est dans le pr\u00e9<\/a> a vu sa diffusion quelque peu perturb\u00e9e, <a href=\"https:\/\/www.programme-tv.net\/news\/tv\/406305-l-amour-est-dans-le-pre-2026-attention-le-premier-episode-de-la-saison-21-va-se-finir-tres-tot-voici-pourquoi\/\" data-api-deeplink=\"teleloisirs:\/\/news\/406305\" rel=\"nofollow noopener\" target=\"_blank\">le premier \u00e9pisode \u00e9tant coup\u00e9 en deux parties <\/a>diffus\u00e9es sur deux semaines. Mais \u00e7a y est, l&rsquo;\u00e9mission reprend son cours normal d\u00e8s ce lundi 31 ao\u00fbt avec le deuxi\u00e8me \u00e9pisode diffus\u00e9 int\u00e9gralement. L&rsquo;occasion de <a href=\"https:\/\/www.programme-tv.net\/news\/tv\/407093-etienne-l-amour-est-dans-le-pre-2026-choisit-il-cindy-pour-aller-a-la-ferme-on-a-la-reponse-dans-le-prochain-episode-deja-disponible\/\" data-api-deeplink=\"teleloisirs:\/\/news\/407093\" rel=\"nofollow noopener\" target=\"_blank\">savoir (enfin) qui \u00c9tienne va convier chez lui<\/a> et de voir le d\u00e9but du s\u00e9jour \u00e0 la ferme des pr\u00e9tendantes de Jean-Louis.<\/p>\n<p>Mais c&rsquo;est aussi la suite des speed-datings de cette \u00e9dition. Avec une <a href=\"https:\/\/www.programme-tv.net\/news\/tv\/407085-l-amour-est-dans-le-pre-2026-karine-le-marchand-met-en-place-un-dispositif-inedit-pour-un-candidat-dans-le-prochain-episode-deja-visible\/\" data-api-deeplink=\"teleloisirs:\/\/news\/407085\" rel=\"nofollow noopener\" target=\"_blank\">s\u00e9quence in\u00e9dite puisque Benoit va voir ses pr\u00e9tendantes<\/a> d\u00e9barquer directement chez lui pour des rencontres plus douces et \u00ab\u00a0sans contrainte de temps\u00a0\u00bb. Deux autres agriculteurs rencontreront \u00e9galement leurs soupirantes dans des conditions plus classiques, \u00e0 savoir Jean-Marie et <a href=\"https:\/\/www.programme-tv.net\/news\/tv\/406630-etienne-lamour-est-dans-le-pre-2026-mon-frere-fabien-mavait-deja-inscrit-il-y-a-deux-ans\/\" data-api-deeplink=\"teleloisirs:\/\/news\/406630\" rel=\"nofollow noopener\" target=\"_blank\">Fabien, le fr\u00e8re cadet d&rsquo;\u00c9tienne<\/a>.<\/p>\n<p>                        L&rsquo;amour est dans le pr\u00e9 2026 : Vous avez flash\u00e9 sur le blouson orange de Karine Le Marchand ? Voici o\u00f9 le trouver et combien il co\u00fbte<\/p>\n<p>Comme \u00e0 son habitude, Karine Le Marchand vient en pr\u00e9ambule des rencontres pour rassurer les agriculteurs et leur donner de pr\u00e9cieux conseils avant de s&rsquo;installer dans le c\u00e9l\u00e8bre canap\u00e9 afin de ne rien louper des rendez-vous. Entre les speed-datings d&rsquo;\u00c9tienne et ceux de Florian, l&rsquo;animatrice de 58 ans rejoint les deux frangins pour faire le point.<\/p>\n<p>Au-dessus de sa petite robe noire, la Nanc\u00e9enne porte un blouson orange oversize brod\u00e9 de motifs rouges. Il s&rsquo;agit d&rsquo;un blouson aviateur matelass\u00e9 en jacquard fleuri rouge, <a href=\"https:\/\/www.essentiel-antwerp.com\/fr_fr\/p\/orange-red-floral-jacket-jibe?utm_source=google&amp;utm_medium=cpc&amp;utm_campaign=1551772533&amp;utm_content=788832429740&amp;c_l_i_d=Cj0KCQjw16_UBhCqARIsAIdOaXzwJAsHeIarVtTKM-OEawcujn4yZqnXUkU5Q3UKXrKN8RWXX1fz0hwaAgSUEALw_wcB&amp;g_b_r_a_i_d=0AAAAADtG_0PsVKDKuSDPeSsQo6jHHYmQT&amp;w_b_r_a_i_d=CkEKCQjwtKrUBhCZARIwAHgxj5bXxgyrc0ZUjPgvyFyZgaDDINZU2merbI3lAP4FQY-r6d77i3WlR9pfx2fNGgIoBQ&amp;gad_source=1&amp;gad_campaignid=1551772533&amp;gbraid=0AAAAADtG_0PsVKDKuSDPeSsQo6jHHYmQT&amp;gclid=Cj0KCQjw16_UBhCqARIsAIdOaXzwJAsHeIarVtTKM-OEawcujn4yZqnXUkU5Q3UKXrKN8RWXX1fz0hwaAgSUEALw_wcB\" rel=\"nofollow noopener\" target=\"_blank\">de la marque belge Essentiel Antwerp<\/a>, vendu 295 euros. Le mod\u00e8le est encore disponible, selon les tailles, dans certaines boutiques de la marque, \u00e0 Lille, Paris, Nice et Toulouse.<\/p>\n<p>            L&rsquo;amour est dans le pr\u00e9 2026 : Karine Le Marchand sera plus pr\u00e9sente cette ann\u00e9e dans l&rsquo;\u00e9mission !<\/p>\n<p>S&rsquo;il n&rsquo;y a plus de cam\u00e9raman lors des speed-datings, laissant ainsi seuls les agriculteurs avec leurs pr\u00e9tendants, Karine Le Marchand est quant \u00e0 elle<a href=\"https:\/\/www.programme-tv.net\/news\/tv\/405451-l-amour-est-dans-le-pre-2026-pourquoi-karine-le-marchand-sera-encore-plus-presente-cette-saison\/\" data-api-deeplink=\"teleloisirs:\/\/news\/405451\" rel=\"nofollow noopener\" target=\"_blank\"> pr\u00e9sente avant et apr\u00e8s les rendez-vous<\/a>. La pr\u00e9sentatrice intervient m\u00eame parfois au cours des dates. Mais au cours de la saison, elle interviendra davantage aupr\u00e8s des agriculteurs.<\/p>\n<p>\u00ab\u00a0En r\u00e9alit\u00e9, c&rsquo;est quelque chose qui a toujours eu lieu, mais qu&rsquo;on a d\u00e9cid\u00e9 de beaucoup jouer cette ann\u00e9e. Finalement, c&rsquo;est super d&rsquo;avoir une coach en amour comme Karine. Apr\u00e8s quinze ans d&rsquo;exp\u00e9rience de L&rsquo;amour est dans le pr\u00e9, il apparaissait assez l\u00e9gitime de l&rsquo;assumer pleinement\u00a0\u00bb, nous indique Gabriella Mather, la productrice de l&rsquo;\u00e9mission.<\/p>\n","protected":false},"excerpt":{"rendered":"Lanc\u00e9e le 17 ao\u00fbt dernier, la saison 21 de L&rsquo;amour est dans le pr\u00e9 a vu sa diffusion&hellip;\n","protected":false},"author":2,"featured_media":1158705,"comment_status":"","ping_status":"","sticky":false,"template":"","format":"standard","meta":{"footnotes":"","_share_on_mastodon":"0"},"categories":[1356],"tags":[244,58,59,1011,27,5413,7988,494,252,1364],"class_list":["post-1158704","post","type-post","status-publish","format-standard","has-post-thumbnail","category-television","tag-commentaire","tag-divertissement","tag-entertainment","tag-fr","tag-france","tag-karine-le-marchand","tag-lamour-est-dans-le-pru00e9","tag-m6","tag-television","tag-tv"],"share_on_mastodon":{"url":"https:\/\/pubeurope.com\/@fr\/117188835821160462","error":""},"_links":{"self":[{"href":"https:\/\/www.europesays.com\/fr\/wp-json\/wp\/v2\/posts\/1158704","targetHints":{"allow":["GET"]}}],"collection":[{"href":"https:\/\/www.europesays.com\/fr\/wp-json\/wp\/v2\/posts"}],"about":[{"href":"https:\/\/www.europesays.com\/fr\/wp-json\/wp\/v2\/types\/post"}],"author":[{"embeddable":true,"href":"https:\/\/www.europesays.com\/fr\/wp-json\/wp\/v2\/users\/2"}],"replies":[{"embeddable":true,"href":"https:\/\/www.europesays.com\/fr\/wp-json\/wp\/v2\/comments?post=1158704"}],"version-history":[{"count":0,"href":"https:\/\/www.europesays.com\/fr\/wp-json\/wp\/v2\/posts\/1158704\/revisions"}],"wp:featuredmedia":[{"embeddable":true,"href":"https:\/\/www.europesays.com\/fr\/wp-json\/wp\/v2\/media\/1158705"}],"wp:attachment":[{"href":"https:\/\/www.europesays.com\/fr\/wp-json\/wp\/v2\/media?parent=1158704"}],"wp:term":[{"taxonomy":"category","embeddable":true,"href":"https:\/\/www.europesays.com\/fr\/wp-json\/wp\/v2\/categories?post=1158704"},{"taxonomy":"post_tag","embeddable":true,"href":"https:\/\/www.europesays.com\/fr\/wp-json\/wp\/v2\/tags?post=1158704"}],"curies":[{"name":"wp","href":"https:\/\/api.w.org\/{rel}","templated":true}]}}