{"id":1158706,"date":"2026-08-31T07:01:17","date_gmt":"2026-08-31T07:01:17","guid":{"rendered":"https:\/\/www.europesays.com\/fr\/1158706\/"},"modified":"2026-08-31T07:01:17","modified_gmt":"2026-08-31T07:01:17","slug":"%f0%9f%93%b8-en-images-golden-coast-festival-un-macklemore-royal-pour-le-meilleur-public-du-monde","status":"publish","type":"post","link":"https:\/\/www.europesays.com\/fr\/1158706\/","title":{"rendered":"\ud83d\udcf8 En images. Golden Coast festival : un Macklemore royal pour \u00ab\u00a0le meilleur public du monde\u00a0\u00bb"},"content":{"rendered":"<p>Refroidi par l&rsquo;annulation \u00e0 la derni\u00e8re minute du concert d&rsquo;Aya Nakamura et par l&rsquo;arriv\u00e9e de la pluie, le public dijonnais du Golden Coast festival n&rsquo;a pas mis longtemps \u00e0 retrouver son \u00e9nergie d\u00e8s que la star am\u00e9ricaine Macklemore a fait son apparition sur sc\u00e8ne dimanche soir \u00e0 Dijon. Entre ses messages pour la Palestine, la tol\u00e9rance et invitant les spectateurs \u00e0 ranger leur t\u00e9l\u00e9phone pour vivre le moment pr\u00e9sent, l&rsquo;Am\u00e9ricain a encha\u00een\u00e9 les tubes (Thrift shop, These days, Glorious, Can&rsquo;t hold us&#8230;) pour sa derni\u00e8re date europ\u00e9enne devant un public enchant\u00e9.<\/p>\n","protected":false},"excerpt":{"rendered":"Refroidi par l&rsquo;annulation \u00e0 la derni\u00e8re minute du concert d&rsquo;Aya Nakamura et par l&rsquo;arriv\u00e9e de la pluie, le&hellip;\n","protected":false},"author":2,"featured_media":1158707,"comment_status":"","ping_status":"","sticky":false,"template":"","format":"standard","meta":{"footnotes":"","_share_on_mastodon":"0"},"categories":[1355],"tags":[2931,1687,2930,58,8588,59,107,1011,27,2797,5325,2798,43794,1361,873,273],"class_list":["post-1158706","post","type-post","status-publish","format-standard","has-post-thumbnail","category-musique","tag-cote-dor","tag-culture-loisirs","tag-dijon","tag-divertissement","tag-edition-dijon-et-son-agglomeration","tag-entertainment","tag-fil-info","tag-fr","tag-france","tag-galerie-loisirs","tag-galerie-media","tag-galerie-photo","tag-golden-coast-festival","tag-music","tag-musique","tag-selection-de-la-redaction"],"share_on_mastodon":{"url":"https:\/\/pubeurope.com\/@fr\/117188839823339250","error":""},"_links":{"self":[{"href":"https:\/\/www.europesays.com\/fr\/wp-json\/wp\/v2\/posts\/1158706","targetHints":{"allow":["GET"]}}],"collection":[{"href":"https:\/\/www.europesays.com\/fr\/wp-json\/wp\/v2\/posts"}],"about":[{"href":"https:\/\/www.europesays.com\/fr\/wp-json\/wp\/v2\/types\/post"}],"author":[{"embeddable":true,"href":"https:\/\/www.europesays.com\/fr\/wp-json\/wp\/v2\/users\/2"}],"replies":[{"embeddable":true,"href":"https:\/\/www.europesays.com\/fr\/wp-json\/wp\/v2\/comments?post=1158706"}],"version-history":[{"count":0,"href":"https:\/\/www.europesays.com\/fr\/wp-json\/wp\/v2\/posts\/1158706\/revisions"}],"wp:featuredmedia":[{"embeddable":true,"href":"https:\/\/www.europesays.com\/fr\/wp-json\/wp\/v2\/media\/1158707"}],"wp:attachment":[{"href":"https:\/\/www.europesays.com\/fr\/wp-json\/wp\/v2\/media?parent=1158706"}],"wp:term":[{"taxonomy":"category","embeddable":true,"href":"https:\/\/www.europesays.com\/fr\/wp-json\/wp\/v2\/categories?post=1158706"},{"taxonomy":"post_tag","embeddable":true,"href":"https:\/\/www.europesays.com\/fr\/wp-json\/wp\/v2\/tags?post=1158706"}],"curies":[{"name":"wp","href":"https:\/\/api.w.org\/{rel}","templated":true}]}}