{"id":115872,"date":"2025-05-21T03:25:08","date_gmt":"2025-05-21T03:25:08","guid":{"rendered":"https:\/\/www.europesays.com\/fr\/115872\/"},"modified":"2025-05-21T03:25:08","modified_gmt":"2025-05-21T03:25:08","slug":"manchester-city-monte-sur-le-podium-crystal-palace-enchaine-premier-league-j37","status":"publish","type":"post","link":"https:\/\/www.europesays.com\/fr\/115872\/","title":{"rendered":"Manchester City monte sur le podium, Crystal Palace encha\u00eene &#8211; Premier League &#8211; J37"},"content":{"rendered":"<p>Qui aurait cru que Manchester City finirait sur le podium !<\/p>\n<p><a target=\"_blank\" href=\"https:\/\/www.sofoot.com\/breves\/angleterre-crystal-palace-soffre-manchester-city-et-decroche-la-premiere-coupe-dangleterre-de-son-histoire\" rel=\"nofollow noopener\">Finaliste malheureux de la FA Cup samedi dernier face \u00e0 Crystal Palace (1-0)<\/a>, Manchester City s\u2019est bien repris ce mardi lors du match en retard comptant pour la 37e journ\u00e9e de Premier League. Devant leur public, <strong>les hommes de Pep Guardiola se sont d\u00e9faits de Bournemouth (3-1)<\/strong> et montent donc sur le podium, \u00e0 une journ\u00e9e de la fin. Les Skyblues ont fait le boulot en premi\u00e8re p\u00e9riode, gr\u00e2ce \u00e0 un but fantastique d\u2019Omar Marmoush au quart d\u2019heure de jeu, puis une r\u00e9alisation de Bernardo Silva, vingt minutes plus tard. City a \u00e9t\u00e9 r\u00e9duit \u00e0 dix apr\u00e8s l\u2019expulsion de Mateo Kova\u010di\u0107 \u00e0 la 67e, mais les Cherries n\u2019ont pas profit\u00e9 longtemps de leur sup\u00e9riorit\u00e9 num\u00e9rique, puisque Lewis Cook a lui aussi re\u00e7u un carton rouge (74e). Nico Gonz\u00e1lez a aggrav\u00e9 l\u2019addition dans les toutes derni\u00e8res minutes avant la r\u00e9duction du score de Daniel Jebbison, tandis que Rodri a pu refouler la pelouse quelques minutes !<\/p>\n<p>De son c\u00f4t\u00e9, Crystal Palace, <a target=\"_blank\" href=\"https:\/\/www.sofoot.com\/articles\/ismaila-sarr-je-ne-sais-pas-pourquoi-mais-les-coupes-cest-mon-truc\" rel=\"nofollow noopener\">encore euphoriques de leur succ\u00e8s en FA Cup<\/a>, a encha\u00een\u00e9 en terrassant Wolverhampton \u00e0 Selhurst Park (4-2). Les Wolves avaient pourtant ouvert le score gr\u00e2ce \u00e0 Emmanuel Agbadou, mais Eddie Nketiah a inscrit un doubl\u00e9 en cinq minutes pour donner l\u2019avantage aux Eagles \u00e0 la pause. Ben Chilwell a offert deux longueurs d\u2019avance aux locaux, avant que J\u00f8rgen Strand Larsen ne r\u00e9duise la marque. C\u2019est finalement le h\u00e9ros du week-end dernier, Eberechi Eze, qui a scell\u00e9 la victoire de Palace en fin de partie.<\/p>\n<p>L\u2019Europe tremble face aux Eagles !<\/p>\n<p>\t\t\t\t\t\t\t\t\t\t<a class=\"lien-connexe\" href=\"https:\/\/www.sofoot.com\/articles\/ismaila-sarr-je-ne-sais-pas-pourquoi-mais-les-coupes-cest-mon-truc\" rel=\"nofollow noopener\" target=\"_blank\">Isma\u00efla Sarr : \u00ab\u202fJe ne sais pas pourquoi, mais les coupes, c\u2019est mon truc\u202f\u00bb<\/a>\t\t\t\t\t<\/p>\n","protected":false},"excerpt":{"rendered":"Qui aurait cru que Manchester City finirait sur le podium ! Finaliste malheureux de la FA Cup samedi&hellip;\n","protected":false},"author":2,"featured_media":115873,"comment_status":"","ping_status":"","sticky":false,"template":"","format":"standard","meta":{"footnotes":""},"categories":[9],"tags":[47,61,69,65,64,63,1011,27,68,66,62,70,67,60],"class_list":{"0":"post-115872","1":"post","2":"type-post","3":"status-publish","4":"format-standard","5":"has-post-thumbnail","7":"category-sports","8":"tag-actualite","9":"tag-actus-football","10":"tag-bundesliga","11":"tag-championnats-europeens","12":"tag-equipe-de-france","13":"tag-football","14":"tag-fr","15":"tag-france","16":"tag-ligua","17":"tag-ligue-1","18":"tag-news-foot","19":"tag-premier-league","20":"tag-serie-a","21":"tag-sports"},"share_on_mastodon":{"url":"https:\/\/pubeurope.com\/@fr\/114543691215263420","error":""},"_links":{"self":[{"href":"https:\/\/www.europesays.com\/fr\/wp-json\/wp\/v2\/posts\/115872","targetHints":{"allow":["GET"]}}],"collection":[{"href":"https:\/\/www.europesays.com\/fr\/wp-json\/wp\/v2\/posts"}],"about":[{"href":"https:\/\/www.europesays.com\/fr\/wp-json\/wp\/v2\/types\/post"}],"author":[{"embeddable":true,"href":"https:\/\/www.europesays.com\/fr\/wp-json\/wp\/v2\/users\/2"}],"replies":[{"embeddable":true,"href":"https:\/\/www.europesays.com\/fr\/wp-json\/wp\/v2\/comments?post=115872"}],"version-history":[{"count":0,"href":"https:\/\/www.europesays.com\/fr\/wp-json\/wp\/v2\/posts\/115872\/revisions"}],"wp:featuredmedia":[{"embeddable":true,"href":"https:\/\/www.europesays.com\/fr\/wp-json\/wp\/v2\/media\/115873"}],"wp:attachment":[{"href":"https:\/\/www.europesays.com\/fr\/wp-json\/wp\/v2\/media?parent=115872"}],"wp:term":[{"taxonomy":"category","embeddable":true,"href":"https:\/\/www.europesays.com\/fr\/wp-json\/wp\/v2\/categories?post=115872"},{"taxonomy":"post_tag","embeddable":true,"href":"https:\/\/www.europesays.com\/fr\/wp-json\/wp\/v2\/tags?post=115872"}],"curies":[{"name":"wp","href":"https:\/\/api.w.org\/{rel}","templated":true}]}}