{"id":1158720,"date":"2026-08-31T07:10:29","date_gmt":"2026-08-31T07:10:29","guid":{"rendered":"https:\/\/www.europesays.com\/fr\/1158720\/"},"modified":"2026-08-31T07:10:29","modified_gmt":"2026-08-31T07:10:29","slug":"une-commande-a-43-milliards-deuros-emmanuel-macron-attendu-en-suede-pour-officialiser-la-vente-de-fregates-francaises","status":"publish","type":"post","link":"https:\/\/www.europesays.com\/fr\/1158720\/","title":{"rendered":"Une commande \u00e0 4,3 milliards d&rsquo;euros: Emmanuel Macron attendu en Su\u00e8de pour officialiser la vente de fr\u00e9gates fran\u00e7aises"},"content":{"rendered":"<p>Emmanuel Macron est attendu ce lundi \u00e0 Stockholm pour confirmer la vente de fr\u00e9gates fran\u00e7aises \u00e0 la Su\u00e8de. La commande avait \u00e9t\u00e9 annonc\u00e9e en mai et devrait rapporter 4,3 milliards d&rsquo;euros \u00e0 la France.<\/p>\n<p><a href=\"https:\/\/www.bfmtv.com\/economie\/video-9-ans-apres-quel-bilan-pour-emmanuel-macron_VN-202608270666.html\" title=\"9 ans apr\u00e8s : quel bilan pour Emmanuel Macron ?\" class=\"internal_link\" rel=\"nofollow noopener\" target=\"_blank\">Emmanuel Macron<\/a> va assister \u00e0 la signature d&rsquo;une facture \u00e0 4,3 milliards d&rsquo;euros. Le pr\u00e9sident fran\u00e7ais est attendu ce lundi \u00e0 Stockholm pour confirmer <a href=\"https:\/\/www.bfmtv.com\/economie\/replay-emissions\/air-et-defense\/video-fregates-la-suede-choisit-naval-group_VN-202606260548.html\" title=\"Fr\u00e9gates : la Su\u00e8de choisit Naval Group\" class=\"internal_link\" rel=\"nofollow noopener\" target=\"_blank\">une commande su\u00e9doise portant sur quatre fr\u00e9gates fran\u00e7aises<\/a>. Un nouvel \u00e9change entre les deux nations, qui confirme la coop\u00e9ration croissante entre elles, sur fond de menaces russes grandissantes en Europe.<\/p>\n<p><a href=\"https:\/\/www.bfmtv.com\/economie\/entreprises\/defense\/il-va-se-rendre-sur-place-pour-le-mega-contrat-a-4-3-milliards-d-euros-emmanuel-macron-sera-en-suede-ce-lundi-pour-la-signature-de-la-vente-des-fregates_AV-202608260544.html\" title=\"Il va se rendre sur place pour le m\u00e9ga-contrat \u00e0 4,3 milliards d&#039;euros: Emmanuel Macron sera en Su\u00e8de ce lundi pour la signature de la vente des fr\u00e9gates\" class=\"internal_link\" rel=\"nofollow noopener\" target=\"_blank\">Cette visite <\/a>marque une \u00ab\u00a0nouvelle \u00e9tape\u00a0\u00bb dans la coop\u00e9ration bilat\u00e9rale qui va contribuer \u00e0 renforcer la \u00ab\u00a0d\u00e9fense europ\u00e9enne comme de l&rsquo;Otan\u00a0\u00bb, ont relev\u00e9 l&rsquo;\u00c9lys\u00e9e ainsi que les services du Premier ministre, en ligne avec un agenda de \u00ab\u00a0souverainet\u00e9 europ\u00e9enne\u00a0\u00bb cher au pr\u00e9sident fran\u00e7ais.<\/p>\n<p>La Su\u00e8de avait annonc\u00e9 en mai l&rsquo;achat de quatre fr\u00e9gates de d\u00e9fense et d&rsquo;intervention (FDI) \u00e0 l&rsquo;entreprise fran\u00e7aise Naval Group, dont le premier exemplaire sera livr\u00e9 en 2030. Pour acter ce tournant, Emmanuel Macron et Ul Fristersson, Premier ministre su\u00e9dois, assisteront \u00e0 16h30 heure fran\u00e7aise \u00e0 la signature du contrat officialisant l&rsquo;acquisition \u00e0 bord de la toute nouvelle fr\u00e9gate fran\u00e7aise de m\u00eame classe Amiral Ronarc&rsquo;h.<\/p>\n<p>Une coop\u00e9ration totale avec la Su\u00e8de<\/p>\n<p><a href=\"https:\/\/www.bfmtv.com\/economie\/entreprises\/defense\/elle-peut-traquer-des-sous-marins-se-defendre-contre-des-avions-et-faire-face-a-des-drones-l-armee-francaise-commande-une-cinquieme-fregate-de-defense-et-d-intervention-fdi-aupres-de-naval-group_AD-202604020877.html\" title=\"Elle peut traquer des sous-marins, se d\u00e9fendre contre des avions et faire face \u00e0 des drones: l&#039;arm\u00e9e fran\u00e7aise commande une cinqui\u00e8me fr\u00e9gate de d\u00e9fense et d&#039;intervention (FDI) aupr\u00e8s de Naval Group\" class=\"internal_link\" rel=\"nofollow noopener\" target=\"_blank\">La fr\u00e9gate FDI,<\/a> d&rsquo;une longueur de 122 m\u00e8tres pour 4.500 tonnes, est con\u00e7ue pour neutraliser tout type de menaces, en surface, a\u00e9rienne, sous-marine, asym\u00e9trique ou cyber, selon le site de Naval Group. Elle permet notamment de d\u00e9ployer des forces sp\u00e9ciales ainsi que des drones a\u00e9riens et de surface.<\/p>\n<p>La Su\u00e8de <a href=\"https:\/\/www.bfmtv.com\/economie\/entreprises\/defense\/le-plus-important-rearmement-depuis-la-guerre-froide-la-suede-augmente-fortement-son-budget-de-defense_AD-202503260351.html\" title=\"&quot;Le plus important r\u00e9armement depuis la guerre froide&quot;: la Su\u00e8de augmente fortement son budget de d\u00e9fense\" class=\"internal_link\" rel=\"nofollow noopener\" target=\"_blank\">a entam\u00e9 un effort de r\u00e9armement<\/a> depuis le d\u00e9but de la guerre en Ukraine et son adh\u00e9sion \u00e0 l&rsquo;Otan et coop\u00e8re r\u00e9guli\u00e8rement avec Paris. Cette commande fait suite \u00e0 celle par la France de deux avions de surveillance a\u00e9rienne Global Eye au g\u00e9ant su\u00e9dois Saab pour plus d&rsquo;un milliard d&rsquo;euros en d\u00e9cembre.<\/p>\n<p>Devenir le premier partenaire des Europ\u00e9ens<\/p>\n<p>La Su\u00e8de a par ailleurs rejoint <a href=\"https:\/\/www.bfmtv.com\/economie\/entreprises\/defense\/300-tetes-7-milliards-d-euros-en-2025-des-missiles-dans-des-sous-marins-ou-des-rafale-la-dissuasion-nucleaire-francaise-peut-elle-s-etendre-a-l-europe-un-discours-de-macron-est-attendu-le-2-mars_AD-202602250570.html\" title=\"300 t\u00eates, 7 milliards d&#039;euros en 2025, des missiles dans des sous-marins ou des Rafale: la dissuasion nucl\u00e9aire fran\u00e7aise peut-elle s&#039;\u00e9tendre \u00e0 l&#039;Europe? (un discours de Macron est attendu le 2 mars)\" class=\"internal_link\" rel=\"nofollow noopener\" target=\"_blank\">la dissuasion nucl\u00e9aire avanc\u00e9e<\/a> propos\u00e9e par Emmanuel Macron \u00e0 huit pays europ\u00e9ens le 2 mars afin de renforcer la d\u00e9fense europ\u00e9enne face \u00e0 un alli\u00e9 am\u00e9ricain de plus en plus incertain. Les deux pays ont r\u00e9uni le 23 avril \u00e0 Paris leur premier groupe de pilotage nucl\u00e9aire, sous la pr\u00e9sidence conjointe de l&rsquo;\u00c9lys\u00e9e et du cabinet du Premier ministre su\u00e9dois.<\/p>\n<p>\u00ab\u00a0Le travail se poursuit et s&rsquo;intensifie\u00a0\u00bb, a indiqu\u00e9 l&rsquo;\u00c9lys\u00e9e sans plus de pr\u00e9cisions. L&rsquo;Allemagne a de son c\u00f4t\u00e9 annonc\u00e9 en juillet sa participation \u00e0 des exercices nucl\u00e9aires fran\u00e7ais \u00ab\u00a0d\u00e8s cette ann\u00e9e\u00a0\u00bb.<\/p>\n<p>La France va aussi contribuer aux forces terrestres avanc\u00e9es de l&rsquo;Otan en Finlande, sous commandement su\u00e9dois, destin\u00e9es \u00e0 renforcer les capacit\u00e9s de dissuasion de l&rsquo;Alliance face \u00e0 la menace russe. Elle entend <a href=\"https:\/\/www.bfmtv.com\/economie\/video-drones-cyberattaques-espace-comment-la-france-prepare-la-guerre-du-futur_VN-202601270757.html\" title=\"Drones, cyberattaques, espace\u2026 Comment la France pr\u00e9pare la guerre du futur\" class=\"internal_link\" rel=\"nofollow noopener\" target=\"_blank\">renforcer l&rsquo;attractivit\u00e9 de son industrie<\/a> de d\u00e9fense en Europe, notamment face aux Am\u00e9ricains, alors que les pays de l&rsquo;Otan, instruits par le conflit en Ukraine, d\u00e9multiplient leurs investissements en la mati\u00e8re.<\/p>\n","protected":false},"excerpt":{"rendered":"Emmanuel Macron est attendu ce lundi \u00e0 Stockholm pour confirmer la vente de fr\u00e9gates fran\u00e7aises \u00e0 la Su\u00e8de.&hellip;\n","protected":false},"author":2,"featured_media":1158721,"comment_status":"","ping_status":"","sticky":false,"template":"","format":"standard","meta":{"footnotes":"","_share_on_mastodon":"0"},"categories":[5],"tags":[11,1011,27,14,12,28],"class_list":["post-1158720","post","type-post","status-publish","format-standard","has-post-thumbnail","category-international","tag-actualites","tag-fr","tag-france","tag-international","tag-news","tag-world"],"share_on_mastodon":{"url":"https:\/\/pubeurope.com\/@fr\/117188876374547529","error":""},"_links":{"self":[{"href":"https:\/\/www.europesays.com\/fr\/wp-json\/wp\/v2\/posts\/1158720","targetHints":{"allow":["GET"]}}],"collection":[{"href":"https:\/\/www.europesays.com\/fr\/wp-json\/wp\/v2\/posts"}],"about":[{"href":"https:\/\/www.europesays.com\/fr\/wp-json\/wp\/v2\/types\/post"}],"author":[{"embeddable":true,"href":"https:\/\/www.europesays.com\/fr\/wp-json\/wp\/v2\/users\/2"}],"replies":[{"embeddable":true,"href":"https:\/\/www.europesays.com\/fr\/wp-json\/wp\/v2\/comments?post=1158720"}],"version-history":[{"count":0,"href":"https:\/\/www.europesays.com\/fr\/wp-json\/wp\/v2\/posts\/1158720\/revisions"}],"wp:featuredmedia":[{"embeddable":true,"href":"https:\/\/www.europesays.com\/fr\/wp-json\/wp\/v2\/media\/1158721"}],"wp:attachment":[{"href":"https:\/\/www.europesays.com\/fr\/wp-json\/wp\/v2\/media?parent=1158720"}],"wp:term":[{"taxonomy":"category","embeddable":true,"href":"https:\/\/www.europesays.com\/fr\/wp-json\/wp\/v2\/categories?post=1158720"},{"taxonomy":"post_tag","embeddable":true,"href":"https:\/\/www.europesays.com\/fr\/wp-json\/wp\/v2\/tags?post=1158720"}],"curies":[{"name":"wp","href":"https:\/\/api.w.org\/{rel}","templated":true}]}}