{"id":1158734,"date":"2026-08-31T07:20:12","date_gmt":"2026-08-31T07:20:12","guid":{"rendered":"https:\/\/www.europesays.com\/fr\/1158734\/"},"modified":"2026-08-31T07:20:12","modified_gmt":"2026-08-31T07:20:12","slug":"matchs-amicaux-il-a-ete-exemplaire-il-etait-capitaine-ce-nest-pas-pour-rien-gael-fickou-un-retour-precieux-au-centre-du-jeu-a-toulon","status":"publish","type":"post","link":"https:\/\/www.europesays.com\/fr\/1158734\/","title":{"rendered":"Matchs amicaux &#8211; \u00ab\u00a0Il a \u00e9t\u00e9 exemplaire, il \u00e9tait capitaine, ce n\u2019est pas pour rien\u00a0\u00bb : Ga\u00ebl Fickou, un retour pr\u00e9cieux au centre du jeu \u00e0 Toulon"},"content":{"rendered":"<p>\n                Pour ses premi\u00e8res minutes avec le RCT cette saison, le centre international Ga\u00ebl Fickou a sign\u00e9 une prestation solide et pleine d\u2019espoirs pour la suite.\n            <\/p>\n<p>Quatorze ans apr\u00e8s, il est de retour. Sur la pelouse d\u2019Issoire (Puy-de-D\u00f4me), Ga\u00ebl Fickou a rev\u00eatu le maillot toulonnais pour la premi\u00e8re fois depuis 2012. Apr\u00e8s un long chemin entre Toulouse, le Stade fran\u00e7ais et le Racing 92, le centre international semble, d\u00e9j\u00e0, pleinement se fondre dans le syst\u00e8me varois. D\u00e9sign\u00e9 capitaine d\u2019entr\u00e9e, l\u2019ancien francilien fait d\u00e9j\u00e0 l\u2019unanimit\u00e9. Auteur d\u2019une grosse perc\u00e9e depuis ses vingt-deux m\u00e8tres et \u00e0 l\u2019aise au milieu du terrain aux c\u00f4t\u00e9s de Mathieu Sma\u00efli, Ga\u00ebl Fickou semble \u00eatre un guerrier de la rade depuis plusieurs ann\u00e9es. \u00ab\u00a0Ga\u00ebl a fait du Ga\u00ebl. Il a \u00e9t\u00e9 exemplaire, il \u00e9tait capitaine, ce n\u2019est pas pour rien, donc bravo \u00e0 lui\u00a0\u00bb, appr\u00e9ciait sobrement Pierre Mignoni, une fois la nuit tomb\u00e9e sur le complexe Jacques-Lav\u00e9drine.<\/p>\n<p>Derri\u00e8re, une myriade\u00a0de centres \u00e0 alimenter<\/p>\n<p>Arriv\u00e9 avec un statut qui n\u2019est plus \u00e0 d\u00e9montrer sur les bords de la M\u00e9diterran\u00e9e, Fickou compte bien peser de tout son poids dans la t\u00eate de Franck Az\u00e9ma au moment de choisir son XV de d\u00e9part. Et si Pierre Mignoni assure que le choix des capitaines aura lieu la semaine prochaine, nul doute que le natif de La Seyne-sur-Mer sera dans la short-list du staff varois tant Fickou semble (d\u00e9j\u00e0) avoir pris une place de taulier. Mais comme le rappelle le directeur du rugby du RCT, le club frapp\u00e9 du muguet b\u00e9n\u00e9ficie d\u2019une concurrence de tous les diables au milieu du terrain. \u00ab\u00a0Peu importe qui on doit mettre, les gar\u00e7ons doivent se comporter comme cela. L\u2019entr\u00e9e de Huw Jones aussi, est \u00e0 souligner remarqu\u00e9e. Mathieu Sma\u00efli, J\u00e9r\u00e9my Sinzelle&#8230; On sait tr\u00e8s bien qu\u2019il ne va plus tr\u00e8s vite, J\u00e9r\u00e9my, mais c\u2019est certainement le joueur qui nous booste encore ! C\u2019est bien pour tous ces gar\u00e7ons\u00a0\u00bb.<\/p>\n<p>Auteur d\u2019un essai, Sma\u00efli s\u2019est justement fait remarquer alors que Huw Jones s\u2019est particuli\u00e8rement d\u00e9men\u00e9 en avan\u00e7ant sur chacun de ses ballons. Et l\u2019inusable Sinzelle continue d\u2019\u00eatre un rep\u00e8re dans le groupe varois, sans oublier que Juan Ignacio Brex n\u2019\u00e9tait pas sur la pelouse, de m\u00eame qu\u2019Antoine Frisch. Bref, ce RCT version 2026-2027 appara\u00eet plus blind\u00e9 que jamais au centre, et si Ga\u00ebl Fickou montre son niveau international ces prochains mois, le ciel devrait \u00eatre bleu azur dans le Var&#8230;<\/p>\n","protected":false},"excerpt":{"rendered":"Pour ses premi\u00e8res minutes avec le RCT cette saison, le centre international Ga\u00ebl Fickou a sign\u00e9 une prestation&hellip;\n","protected":false},"author":2,"featured_media":1158735,"comment_status":"","ping_status":"","sticky":false,"template":"","format":"standard","meta":{"footnotes":"","_share_on_mastodon":"0"},"categories":[9619],"tags":[1111,11,1777,674,1011,27,33069,88745,12,882,25,2310],"class_list":["post-1158734","post","type-post","status-publish","format-standard","has-post-thumbnail","category-toulon","tag-actu","tag-actualites","tag-eu","tag-europe","tag-fr","tag-france","tag-gael-fickou","tag-matches-amicaux","tag-news","tag-provence-alpes-cote-dazur","tag-republique-francaise","tag-toulon"],"share_on_mastodon":{"url":"https:\/\/pubeurope.com\/@fr\/117188914455169724","error":""},"_links":{"self":[{"href":"https:\/\/www.europesays.com\/fr\/wp-json\/wp\/v2\/posts\/1158734","targetHints":{"allow":["GET"]}}],"collection":[{"href":"https:\/\/www.europesays.com\/fr\/wp-json\/wp\/v2\/posts"}],"about":[{"href":"https:\/\/www.europesays.com\/fr\/wp-json\/wp\/v2\/types\/post"}],"author":[{"embeddable":true,"href":"https:\/\/www.europesays.com\/fr\/wp-json\/wp\/v2\/users\/2"}],"replies":[{"embeddable":true,"href":"https:\/\/www.europesays.com\/fr\/wp-json\/wp\/v2\/comments?post=1158734"}],"version-history":[{"count":0,"href":"https:\/\/www.europesays.com\/fr\/wp-json\/wp\/v2\/posts\/1158734\/revisions"}],"wp:featuredmedia":[{"embeddable":true,"href":"https:\/\/www.europesays.com\/fr\/wp-json\/wp\/v2\/media\/1158735"}],"wp:attachment":[{"href":"https:\/\/www.europesays.com\/fr\/wp-json\/wp\/v2\/media?parent=1158734"}],"wp:term":[{"taxonomy":"category","embeddable":true,"href":"https:\/\/www.europesays.com\/fr\/wp-json\/wp\/v2\/categories?post=1158734"},{"taxonomy":"post_tag","embeddable":true,"href":"https:\/\/www.europesays.com\/fr\/wp-json\/wp\/v2\/tags?post=1158734"}],"curies":[{"name":"wp","href":"https:\/\/api.w.org\/{rel}","templated":true}]}}