{"id":1158736,"date":"2026-08-31T07:21:14","date_gmt":"2026-08-31T07:21:14","guid":{"rendered":"https:\/\/www.europesays.com\/fr\/1158736\/"},"modified":"2026-08-31T07:21:14","modified_gmt":"2026-08-31T07:21:14","slug":"le-metier-change-et-il-faut-savoir-tout-faire-avec-ses-nouveaux-locaux-lecole-de-journalisme-de-lesj-pro-franchit-un-cap-a-montpellier","status":"publish","type":"post","link":"https:\/\/www.europesays.com\/fr\/1158736\/","title":{"rendered":"\u00ab\u00a0Le m\u00e9tier change et il faut savoir tout faire\u00a0\u00bb\u00a0: avec ses nouveaux locaux, l\u2019\u00e9cole de journalisme de l\u2019ESJ Pro franchit un cap \u00e0 Montpellier"},"content":{"rendered":"<p>\n                                                                L\u2019\u00e9cole de journalisme ESJ Pro fait sa rentr\u00e9e, ce lundi 31\u00a0ao\u00fbt, dans ses nouveaux locaux de la rue Germaine Richier, au c\u0153ur de la Cit\u00e9 Cr\u00e9ative, \u00e0 Montpellier. Ce site ambitionne de devenir une maison des m\u00e9dias.\n                            <\/p>\n<p>Une nouvelle \u00e9tape pour l\u2019ESJ Pro \u00e0 Montpellier. Ce lundi 31\u00a0ao\u00fbt, l\u2019\u00e9cole de journalisme effectue sa rentr\u00e9e dans ses\u00a0nouveaux locaux, 31 rue Germaine Richier. La directrice Sophie Merle voit dans ce d\u00e9m\u00e9nagement, \u00ab\u00a0l\u2019aboutissement\u00a0\u00bb d\u2019un projet men\u00e9 avec le groupe Centre France et la Ville. \u00ab\u00a0Il a fallu prendre ses marques, trouver des locaux, ficeler tout le projet du d\u00e9m\u00e9nagement avec ses investissements\u00a0\u00bb, r\u00e9sume-t-elle. Les nouveaux espaces doivent notamment offrir davantage de confort aux \u00e9tudiants et aux journalistes en formation. Plus d\u2019espace, de lumi\u00e8re, des am\u00e9nagements ext\u00e9rieurs et surtout des \u00e9quipements enti\u00e8rement connect\u00e9s, le tout dans un b\u00e2timent climatis\u00e9.<\/p>\n<p>Mais le principal changement se trouve peut-\u00eatre au premier \u00e9tage, avec un vaste plateau technique. L\u2019ESJ Pro y installe plusieurs studios d\u00e9di\u00e9s \u00e0 la pratique journalistique\u00a0: radio, podcast et vid\u00e9o. Fond vert, mat\u00e9riel audiovisuel\u2026 Les \u00e9tudiants pourront se former aux diff\u00e9rentes techniques aujourd\u2019hui utilis\u00e9es dans les r\u00e9dactions.<\/p>\n<p>Une \u00ab\u00a0maison des journalistes\u00a0\u00bb<\/p>\n<p>L\u2019\u00e9cole entend d\u00e9sormais d\u00e9passer la seule formation initiale. \u00ab\u00a0On forme \u00e0 devenir journaliste, mais on forme les journalistes tout au long de leur carri\u00e8re aussi\u00a0\u00bb, insiste Sophie Merle. Des professionnels de diff\u00e9rents m\u00e9dias pourront ainsi venir suivre des sessions de formation. Une ambition qui nourrit l\u2019id\u00e9e d\u2019une \u00ab\u00a0maison des journalistes\u00a0\u00bb, pens\u00e9e comme un lieu de rencontres et de formation, en lien notamment avec le Club de la Presse, sans se substituer \u00e0 lui. L\u2019\u00e9tablissement mise aussi sur l\u2019\u00e9ducation aux m\u00e9dias avec les \u00ab\u00a0ateliers de l\u2019info\u00a0\u00bb destin\u00e9s aux enfants.<\/p>\n<p>L\u2019ESJ Pro fait \u00e9galement \u00e9voluer son offre. L\u2019\u00e9cole mise d\u00e9sormais sur une formation plurim\u00e9dia permettant aux \u00e9tudiants de d\u00e9velopper plusieurs comp\u00e9tences selon leurs centres d\u2019int\u00e9r\u00eat et leur alternance. \u00ab\u00a0Le m\u00e9tier change et il faut savoir tout faire\u00a0\u00bb, estime la directrice.<\/p>\n<p>En 2025, l\u2019\u00e9tablissement comptait 281 \u00e9tudiants, dont 96 en licence et 74 en master. Le partenariat avec l\u2019universit\u00e9 Paul-Val\u00e9ry se terminera d\u2019ailleurs en 2028. \u00ab\u00a0Chacun avait envie de d\u00e9velopper l\u2019apprentissage du journalisme autrement que ce qu\u2019on faisait.\u00a0\u00bb<\/p>\n<p>Port\u00e9e financi\u00e8rement par le groupe Centre France, l\u2019ESJ Pro veut d\u00e9sormais profiter de ce nouvel \u00e9crin pour franchir un cap. Avec un objectif affich\u00e9 \u00e0 long terme\u00a0: \u00ab\u00a0\u00catre une \u00e9cole reconnue\u00a0\u00bb\u00a0et faire de Montpellier un v\u00e9ritable carrefour pour les journalistes.<\/p>\n<p>    Une exposition pour la rentr\u00e9e<\/p>\n<p>Jusqu\u2019au 4\u00a0octobre, l\u2019exposition gratuite \u00ab\u00a0Vies en transit\u00a0: citoyens de l\u2019UE \u00e0 travers l\u2019Europe\u00a0\u00bb\u00a0invite \u00e0 d\u00e9couvrir 19 portraits d\u2019Europ\u00e9ens install\u00e9s dans le sud de la France. \u00c0 travers photographies et r\u00e9cits, elle explore leurs parcours, leurs identit\u00e9s et les r\u00e9alit\u00e9s de la libre circulation au sein de l\u2019Union europ\u00e9enne. Une exposition port\u00e9e par le projet europ\u00e9en FOM@Play, dans le cadre de Visa pour l\u2019image. \u00c0 d\u00e9couvrir les mardis et mercredis, de 10\u00a0h \u00e0 12\u00a0h et de 14\u00a0h\u00a030 \u00e0 16\u00a0h\u00a030 \u00e0 l\u2019ESJ Pro.<\/p>\n","protected":false},"excerpt":{"rendered":"L\u2019\u00e9cole de journalisme ESJ Pro fait sa rentr\u00e9e, ce lundi 31\u00a0ao\u00fbt, dans ses nouveaux locaux de la rue&hellip;\n","protected":false},"author":2,"featured_media":1158737,"comment_status":"","ping_status":"","sticky":false,"template":"","format":"standard","meta":{"footnotes":"","_share_on_mastodon":"0"},"categories":[9599],"tags":[1111,11,1057,1777,674,1011,27,7089,2208,12,2680,25,28728],"class_list":["post-1158736","post","type-post","status-publish","format-standard","has-post-thumbnail","category-montpellier","tag-actu","tag-actualites","tag-education","tag-eu","tag-europe","tag-fr","tag-france","tag-herault","tag-montpellier","tag-news","tag-occitanie","tag-republique-francaise","tag-vie-etudiante"],"share_on_mastodon":{"url":"https:\/\/pubeurope.com\/@fr\/117188918206197196","error":""},"_links":{"self":[{"href":"https:\/\/www.europesays.com\/fr\/wp-json\/wp\/v2\/posts\/1158736","targetHints":{"allow":["GET"]}}],"collection":[{"href":"https:\/\/www.europesays.com\/fr\/wp-json\/wp\/v2\/posts"}],"about":[{"href":"https:\/\/www.europesays.com\/fr\/wp-json\/wp\/v2\/types\/post"}],"author":[{"embeddable":true,"href":"https:\/\/www.europesays.com\/fr\/wp-json\/wp\/v2\/users\/2"}],"replies":[{"embeddable":true,"href":"https:\/\/www.europesays.com\/fr\/wp-json\/wp\/v2\/comments?post=1158736"}],"version-history":[{"count":0,"href":"https:\/\/www.europesays.com\/fr\/wp-json\/wp\/v2\/posts\/1158736\/revisions"}],"wp:featuredmedia":[{"embeddable":true,"href":"https:\/\/www.europesays.com\/fr\/wp-json\/wp\/v2\/media\/1158737"}],"wp:attachment":[{"href":"https:\/\/www.europesays.com\/fr\/wp-json\/wp\/v2\/media?parent=1158736"}],"wp:term":[{"taxonomy":"category","embeddable":true,"href":"https:\/\/www.europesays.com\/fr\/wp-json\/wp\/v2\/categories?post=1158736"},{"taxonomy":"post_tag","embeddable":true,"href":"https:\/\/www.europesays.com\/fr\/wp-json\/wp\/v2\/tags?post=1158736"}],"curies":[{"name":"wp","href":"https:\/\/api.w.org\/{rel}","templated":true}]}}