{"id":1158738,"date":"2026-08-31T07:22:15","date_gmt":"2026-08-31T07:22:15","guid":{"rendered":"https:\/\/www.europesays.com\/fr\/1158738\/"},"modified":"2026-08-31T07:22:15","modified_gmt":"2026-08-31T07:22:15","slug":"accident-sur-lautoroute-a709-dans-le-sens-baillargues-montpellier-ce-lundi-matin-un-important-bouchon-sest-forme","status":"publish","type":"post","link":"https:\/\/www.europesays.com\/fr\/1158738\/","title":{"rendered":"Accident sur l\u2019autoroute A709 dans le sens Baillargues-Montpellier ce lundi matin\u00a0: un important bouchon s\u2019est form\u00e9"},"content":{"rendered":"<p>\n                                                                La circulation est tr\u00e8s perturb\u00e9e ce lundi 31\u00a0ao\u00fbt par un accident survenu sur l\u2019autoroute A709, entre Baillargues et Montpellier.\n                            <\/p>\n<p>Ce lundi 31\u00a0ao\u00fbt depuis\u00a08\u00a0h, un important bouchon\u00a0s\u2019est form\u00e9 sur l\u2019autoroute A709 en raison d\u2019un accident.<\/p>\n<p>Trafic \u00e0 l\u2019arr\u00eat \u00e0 Baillargues<\/p>\n<p>Le trafic \u00e9tait \u00e0 l\u2019arr\u00eat au niveau de la barri\u00e8re de p\u00e9age de Baillargues, en direction de Montpellier, avec 30 minutes de ralentissement annonc\u00e9es.<\/p>\n<p>On ignore les circonstances de cet accident.<\/p>\n","protected":false},"excerpt":{"rendered":"La circulation est tr\u00e8s perturb\u00e9e ce lundi 31\u00a0ao\u00fbt par un accident survenu sur l\u2019autoroute A709, entre Baillargues et&hellip;\n","protected":false},"author":2,"featured_media":1158739,"comment_status":"","ping_status":"","sticky":false,"template":"","format":"standard","meta":{"footnotes":"","_share_on_mastodon":"0"},"categories":[9599],"tags":[1111,11,1777,674,118,1011,27,7089,2208,12,2680,25],"class_list":["post-1158738","post","type-post","status-publish","format-standard","has-post-thumbnail","category-montpellier","tag-actu","tag-actualites","tag-eu","tag-europe","tag-faits-divers","tag-fr","tag-france","tag-herault","tag-montpellier","tag-news","tag-occitanie","tag-republique-francaise"],"share_on_mastodon":{"url":"https:\/\/pubeurope.com\/@fr\/117188922422378153","error":""},"_links":{"self":[{"href":"https:\/\/www.europesays.com\/fr\/wp-json\/wp\/v2\/posts\/1158738","targetHints":{"allow":["GET"]}}],"collection":[{"href":"https:\/\/www.europesays.com\/fr\/wp-json\/wp\/v2\/posts"}],"about":[{"href":"https:\/\/www.europesays.com\/fr\/wp-json\/wp\/v2\/types\/post"}],"author":[{"embeddable":true,"href":"https:\/\/www.europesays.com\/fr\/wp-json\/wp\/v2\/users\/2"}],"replies":[{"embeddable":true,"href":"https:\/\/www.europesays.com\/fr\/wp-json\/wp\/v2\/comments?post=1158738"}],"version-history":[{"count":0,"href":"https:\/\/www.europesays.com\/fr\/wp-json\/wp\/v2\/posts\/1158738\/revisions"}],"wp:featuredmedia":[{"embeddable":true,"href":"https:\/\/www.europesays.com\/fr\/wp-json\/wp\/v2\/media\/1158739"}],"wp:attachment":[{"href":"https:\/\/www.europesays.com\/fr\/wp-json\/wp\/v2\/media?parent=1158738"}],"wp:term":[{"taxonomy":"category","embeddable":true,"href":"https:\/\/www.europesays.com\/fr\/wp-json\/wp\/v2\/categories?post=1158738"},{"taxonomy":"post_tag","embeddable":true,"href":"https:\/\/www.europesays.com\/fr\/wp-json\/wp\/v2\/tags?post=1158738"}],"curies":[{"name":"wp","href":"https:\/\/api.w.org\/{rel}","templated":true}]}}