{"id":1158766,"date":"2026-08-31T07:46:13","date_gmt":"2026-08-31T07:46:13","guid":{"rendered":"https:\/\/www.europesays.com\/fr\/1158766\/"},"modified":"2026-08-31T07:46:13","modified_gmt":"2026-08-31T07:46:13","slug":"procedure-de-declaration-detat-dabandon-manifeste-a-lille","status":"publish","type":"post","link":"https:\/\/www.europesays.com\/fr\/1158766\/","title":{"rendered":"Proc\u00e9dure de d\u00e9claration d\u2019\u00e9tat d\u2019abandon manifeste \u00e0 Lille"},"content":{"rendered":"<p>Dans le cadre du dispositif de traitement des logements vacants d\u00e9grad\u00e9s confi\u00e9 par la MEL, La fabrique des quartiers a \u00e9t\u00e9 saisie de la situation de l\u2019immeuble sis 238 rue des Postes 6 Cour Gaudin \u00e0 Lille sur lequel a \u00e9t\u00e9 engag\u00e9e une proc\u00e9dure de d\u00e9claration d\u2019\u00e9tat d\u2019abandon manifeste par la Ville de Lille.<\/p>\n<p>La M\u00e9tropole par la d\u00e9cision n\u00b0 26 DD 0612 en date du 3 juillet 2026 a d\u00e9cid\u00e9 la poursuite de la proc\u00e9dure d\u2019expropriation et a d\u00e9termin\u00e9 les conditions de mise \u00e0 disposition du dossier simplifi\u00e9 d&rsquo;acquisition publique de l&rsquo;immeuble. Cet avis reprend donc \u00a0les conditions de la mise \u00e0 disposition du dossier pr\u00e9sentant le projet simplifi\u00e9 d\u2019acquisition publique de l\u2019immeuble sis 238 rue des Postes 6 Cour Gaudin \u00e0 Lille suite \u00e0 l\u2019\u00e9tat d\u2019abandon constat\u00e9 par proc\u00e8s-verbal d\u00e9finitif en date du 23 ao\u00fbt 2023.<br \/>\u00a0<\/p>\n","protected":false},"excerpt":{"rendered":"Dans le cadre du dispositif de traitement des logements vacants d\u00e9grad\u00e9s confi\u00e9 par la MEL, La fabrique des&hellip;\n","protected":false},"author":2,"featured_media":1158767,"comment_status":"","ping_status":"","sticky":false,"template":"","format":"standard","meta":{"footnotes":"","_share_on_mastodon":"0"},"categories":[2815],"tags":[1111,11,1777,674,1011,27,811,1307,12,25],"class_list":["post-1158766","post","type-post","status-publish","format-standard","has-post-thumbnail","category-lille","tag-actu","tag-actualites","tag-eu","tag-europe","tag-fr","tag-france","tag-hauts-de-france","tag-lille","tag-news","tag-republique-francaise"],"share_on_mastodon":{"url":"https:\/\/pubeurope.com\/@fr\/117189016556587621","error":""},"_links":{"self":[{"href":"https:\/\/www.europesays.com\/fr\/wp-json\/wp\/v2\/posts\/1158766","targetHints":{"allow":["GET"]}}],"collection":[{"href":"https:\/\/www.europesays.com\/fr\/wp-json\/wp\/v2\/posts"}],"about":[{"href":"https:\/\/www.europesays.com\/fr\/wp-json\/wp\/v2\/types\/post"}],"author":[{"embeddable":true,"href":"https:\/\/www.europesays.com\/fr\/wp-json\/wp\/v2\/users\/2"}],"replies":[{"embeddable":true,"href":"https:\/\/www.europesays.com\/fr\/wp-json\/wp\/v2\/comments?post=1158766"}],"version-history":[{"count":0,"href":"https:\/\/www.europesays.com\/fr\/wp-json\/wp\/v2\/posts\/1158766\/revisions"}],"wp:featuredmedia":[{"embeddable":true,"href":"https:\/\/www.europesays.com\/fr\/wp-json\/wp\/v2\/media\/1158767"}],"wp:attachment":[{"href":"https:\/\/www.europesays.com\/fr\/wp-json\/wp\/v2\/media?parent=1158766"}],"wp:term":[{"taxonomy":"category","embeddable":true,"href":"https:\/\/www.europesays.com\/fr\/wp-json\/wp\/v2\/categories?post=1158766"},{"taxonomy":"post_tag","embeddable":true,"href":"https:\/\/www.europesays.com\/fr\/wp-json\/wp\/v2\/tags?post=1158766"}],"curies":[{"name":"wp","href":"https:\/\/api.w.org\/{rel}","templated":true}]}}