{"id":1158768,"date":"2026-08-31T07:47:21","date_gmt":"2026-08-31T07:47:21","guid":{"rendered":"https:\/\/www.europesays.com\/fr\/1158768\/"},"modified":"2026-08-31T07:47:21","modified_gmt":"2026-08-31T07:47:21","slug":"braderie-de-lille-2026-le-gallodrome-fete-ses-20-ans-avec-un-t-shirt-collector","status":"publish","type":"post","link":"https:\/\/www.europesays.com\/fr\/1158768\/","title":{"rendered":"Braderie de Lille 2026\u00a0: Le Gallodrome f\u00eate ses 20 ans avec un t-shirt collector"},"content":{"rendered":"<p>Pour la Grande Braderie de Lille, Le Gallodrome c\u00e9l\u00e8bre ses 20 ans avec un t-shirt collector inspir\u00e9 de ses cr\u00e9ations embl\u00e9matiques, une exposition et plusieurs rendez-vous autour de son univers graphique.<\/p>\n<p>La Grande Braderie de Lille s\u2019annonce festive pour Le Gallodrome. La marque nordiste, cr\u00e9\u00e9e en 2006, c\u00e9l\u00e8bre ses 20 ans avec une \u00e9dition anniversaire. Au programme\u00a0: un t-shirt best of, une r\u00e9trospective de cr\u00e9ations et plusieurs animations autour de la Braderie de Lille.<\/p>\n<p>Un t-shirt collector pour retracer 20 ans de Braderie<\/p>\n<p>Chaque ann\u00e9e, Le Gallodrome imagine une cr\u00e9ation originale autour de la Grande Braderie de Lille. Pour cet anniversaire, la marque a choisi de r\u00e9unir son histoire sur un seul mod\u00e8le. Le nouveau t-shirt reprend des r\u00e9f\u00e9rences aux 19 cr\u00e9ations officielles r\u00e9alis\u00e9es pour la Braderie. L&rsquo;illustration repr\u00e9sente une fa\u00e7ade du Vieux-Lille, inspir\u00e9e de l&rsquo;univers des boutiques de la marque. Les amateurs pourront s&rsquo;amuser \u00e0 retrouver les nombreux clins d&rsquo;\u0153il cach\u00e9s dans le dessin.<\/p>\n<p>\u00ab\u00a0L&rsquo;id\u00e9e, c&rsquo;\u00e9tait de r\u00e9aliser une illustration qui rassemble toutes les r\u00e9f\u00e9rences\u00a0\u00bb, explique Benjamin Derreumaux, fondateur du Gallodrome. Cette \u00e9dition est annonc\u00e9e comme \u00ab\u00a0collector et limit\u00e9e\u00a0\u00bb. Le dessin a \u00e9t\u00e9 confi\u00e9 \u00e0 Alexandre Menu, illustrateur avec lequel Benjamin Derreumaux travaille depuis de nombreuses ann\u00e9es. Le succ\u00e8s semble d\u00e9j\u00e0 au rendez-vous. \u00ab\u00a0Il pla\u00eet \u00e9norm\u00e9ment\u00a0\u00bb, confie le fondateur, qui promet un stock adapt\u00e9 \u00e0 toutes les tailles, m\u00eame si les mod\u00e8les de la Braderie partent souvent tr\u00e8s vite.<\/p>\n<p>Des cr\u00e9ations devenues embl\u00e9matiques<\/p>\n<p>En deux d\u00e9cennies, Le Gallodrome a accumul\u00e9 les r\u00e9f\u00e9rences et les jeux de mots autour de la Braderie de Lille. Parmi les cr\u00e9ations les plus marquantes figure \u00ab\u00a0Dark Side of the Moule\u00a0\u00bb, un t-shirt tellement populaire qu&rsquo;il a \u00e9t\u00e9 r\u00e9alis\u00e9 \u00e0 deux reprises, en 2009 puis en 2019. Autre souvenir cit\u00e9 par Benjamin Derreumaux\u00a0: \u00ab\u00a0Les Dents de la Moule\u00a0\u00bb, une parodie inspir\u00e9e du c\u00e9l\u00e8bre film \u00ab\u00a0Les Dents de la mer\u00a0\u00bb.<br \/>Sans oublier, \u00ab\u00a0J&rsquo;arr\u00eaterai la bi\u00e8re quand les moules auront des dents\u00a0\u00bb. Un humour d\u00e9cal\u00e9 qui fait partie de l&rsquo;identit\u00e9 du Gallodrome et de son lien avec la culture lilloise.<\/p>\n<p>Une exposition et des souvenirs collectors<\/p>\n<p>L&rsquo;anniversaire ne se limite pas au t-shirt. Une exposition au Bistrot de Saint-So retrace 20 ans de cr\u00e9ations graphiques imagin\u00e9es autour de la Grande Braderie de Lille. Sur la place du Th\u00e9\u00e2tre, dans le village ICI Nord, le public pourra \u00e9galement d\u00e9couvrir un condens\u00e9 de ces deux d\u00e9cennies de cr\u00e9ations. Une carte postale collector, illustr\u00e9e pour cette \u00e9dition 2026, sera distribu\u00e9e \u00e0 4 000 exemplaires.<\/p>\n<p>Pour Benjamin Derreumaux, cette \u00e9dition anniversaire repose aussi sur un travail collectif. \u00ab\u00a0Sans nos partenaires, on n&rsquo;aurait pas pu faire cette \u00e9dition des 20 ans de mani\u00e8re aussi propre\u00a0\u00bb, souligne-t-il. V\u00eatements, affiches et accessoires\u00a0: derri\u00e8re Le Gallodrome, l&rsquo;anniversaire c\u00e9l\u00e8bre aussi une histoire de passionn\u00e9s et un univers graphique profond\u00e9ment li\u00e9 \u00e0 Lille et \u00e0 sa Grande Braderie.<\/p>\n","protected":false},"excerpt":{"rendered":"Pour la Grande Braderie de Lille, Le Gallodrome c\u00e9l\u00e8bre ses 20 ans avec un t-shirt collector inspir\u00e9 de&hellip;\n","protected":false},"author":2,"featured_media":1158769,"comment_status":"","ping_status":"","sticky":false,"template":"","format":"standard","meta":{"footnotes":"","_share_on_mastodon":"0"},"categories":[2815],"tags":[1111,11,1777,674,1011,27,811,1307,12,25],"class_list":["post-1158768","post","type-post","status-publish","format-standard","has-post-thumbnail","category-lille","tag-actu","tag-actualites","tag-eu","tag-europe","tag-fr","tag-france","tag-hauts-de-france","tag-lille","tag-news","tag-republique-francaise"],"share_on_mastodon":{"url":"https:\/\/pubeurope.com\/@fr\/117189020693207552","error":""},"_links":{"self":[{"href":"https:\/\/www.europesays.com\/fr\/wp-json\/wp\/v2\/posts\/1158768","targetHints":{"allow":["GET"]}}],"collection":[{"href":"https:\/\/www.europesays.com\/fr\/wp-json\/wp\/v2\/posts"}],"about":[{"href":"https:\/\/www.europesays.com\/fr\/wp-json\/wp\/v2\/types\/post"}],"author":[{"embeddable":true,"href":"https:\/\/www.europesays.com\/fr\/wp-json\/wp\/v2\/users\/2"}],"replies":[{"embeddable":true,"href":"https:\/\/www.europesays.com\/fr\/wp-json\/wp\/v2\/comments?post=1158768"}],"version-history":[{"count":0,"href":"https:\/\/www.europesays.com\/fr\/wp-json\/wp\/v2\/posts\/1158768\/revisions"}],"wp:featuredmedia":[{"embeddable":true,"href":"https:\/\/www.europesays.com\/fr\/wp-json\/wp\/v2\/media\/1158769"}],"wp:attachment":[{"href":"https:\/\/www.europesays.com\/fr\/wp-json\/wp\/v2\/media?parent=1158768"}],"wp:term":[{"taxonomy":"category","embeddable":true,"href":"https:\/\/www.europesays.com\/fr\/wp-json\/wp\/v2\/categories?post=1158768"},{"taxonomy":"post_tag","embeddable":true,"href":"https:\/\/www.europesays.com\/fr\/wp-json\/wp\/v2\/tags?post=1158768"}],"curies":[{"name":"wp","href":"https:\/\/api.w.org\/{rel}","templated":true}]}}